{"id":10,"date":"2014-01-05T18:12:42","date_gmt":"2014-01-05T18:12:42","guid":{"rendered":"https:\/\/codexflores.ch\/index.php\/2014\/01\/05\/die-mendelssohn-klavierkonzerte\/"},"modified":"2014-01-05T18:12:42","modified_gmt":"2014-01-05T18:12:42","slug":"die-mendelssohn-klavierkonzerte","status":"publish","type":"post","link":"https:\/\/codexflores.ch\/index.php\/2014\/01\/05\/die-mendelssohn-klavierkonzerte\/","title":{"rendered":"Die Mendelssohn-Klavierkonzerte"},"content":{"rendered":"<p><img decoding=\"async\" src=\"images\/131220mendelssohn.jpg\" border=\"0\" style=\"float: left;\" \/>Das geht in Sechzehnteln munter rauf und runter bei Mendelssohn. Virtuos wird da unterhalten, und das durchaus bestens. Mendelssohn hat die beiden mit Opuszahlen (op. 25 und 40) versehenen Klavierkonzerte in den 1830er-Jahren zu Papier gebracht, was sie heute in der Deutschen Musik zu einer Art Interludium zwischen den Giganten Beethovens und der grossen romantischen Schlachtr\u00f6sser von Schumann und Brahms. Zu ihrer eigenen Zeit werden sie allerdings von den etwa gleichzeitig entstandenen Glasperlenspiele Chopins \u00fcberstrahlt.\u00a0<\/p>\n<p>\u00a0<\/p>\n<p>Auf der CD des Musikkollegiums Winterthur (unter Stabf\u00fchrung von Douglas Boyd) und des Pianisten Oliver Schnyder finden sich drei Mendelssohn-Konzerte. Seit einigen Jahren wird tats\u00e4chlich auch ein vom Musikwissenschaftler Larry Todd rekonstruiertes drittes Klavierkonzert gespielt. Das dritte Werk auf der CD ist es jedoch nicht. Vielmehr werden die beiden Opus-Konzerte hier um das Jugend- (respektive Kinder-)werk MWV O 2 f\u00fcr Klavier und Streichorchester des gerademal 13-j\u00e4hrigen Komponisten erg\u00e4nzt. Op. 25 und 40 sind als Konzertmitschnitte im Stadthaus Winterthur entstanden, das Fr\u00fchwerk ist zus\u00e4tzlich aufgenommen worden.\u00a0<\/p>\n<p>\u00a0<\/p>\n<p>Man hat von Mendelssohn das Bild des romantischen J\u00fcnglings (mit lockigem Haar), der etwas harmlos anmutende Lieder ohne Worte ohne Worte schreibt und Sinfonien als Genrebildchen malt. Damit r\u00e4umen die Interpreten auf dieser CD auf. Da wird kantig und dramatisch musiziert, Skalenzierwerk und orchestraler Hintergrund erscheinen in hartem Licht, klar konturiert, auch widerborstig. Dem Jugendwerk verleiht ein harter, archischer Streicherton ohne s\u00fcssliche Vibrati beinahe etwas Rebellisches. Einzig dynamisch wird da einiges eingl\u00e4ttet, die recht differenzierte Abstufungsspannweite von Pianissimi bis Fortissimi, die Mendelssohn eigentlich vorsieht, pendelt hier bloss um einen Mittelwert herum. <em>(wb)<\/em><\/p>\n<p><em>\u00a0<\/em><\/p>\n<p><span style=\"font-size: x-small;\">Mendelssohn\u00a0: The Piano Concertos, Oliver Schnyder. Musikkollegium Winterthur. Douglas Boyd. RCA Red Seal, Sony Music Super Audio CD, Best.-Nr. 88883 70735 2.\u00a0\u00a0<\/span>\u00a0<\/p>\n","protected":false},"excerpt":{"rendered":"<p>Das geht in Sechzehnteln munter rauf und runter bei Mendelssohn. Virtuos wird da unterhalten, und das durchaus bestens. Mendelssohn hat&#8230;<\/p>\n","protected":false},"author":1,"featured_media":0,"comment_status":"open","ping_status":"open","sticky":false,"template":"","format":"standard","meta":{"footnotes":""},"categories":[4],"tags":[],"class_list":["post-10","post","type-post","status-publish","format-standard","hentry","category-im-gespraech","entry"],"_links":{"self":[{"href":"https:\/\/codexflores.ch\/index.php\/wp-json\/wp\/v2\/posts\/10","targetHints":{"allow":["GET"]}}],"collection":[{"href":"https:\/\/codexflores.ch\/index.php\/wp-json\/wp\/v2\/posts"}],"about":[{"href":"https:\/\/codexflores.ch\/index.php\/wp-json\/wp\/v2\/types\/post"}],"author":[{"embeddable":true,"href":"https:\/\/codexflores.ch\/index.php\/wp-json\/wp\/v2\/users\/1"}],"replies":[{"embeddable":true,"href":"https:\/\/codexflores.ch\/index.php\/wp-json\/wp\/v2\/comments?post=10"}],"version-history":[{"count":0,"href":"https:\/\/codexflores.ch\/index.php\/wp-json\/wp\/v2\/posts\/10\/revisions"}],"wp:attachment":[{"href":"https:\/\/codexflores.ch\/index.php\/wp-json\/wp\/v2\/media?parent=10"}],"wp:term":[{"taxonomy":"category","embeddable":true,"href":"https:\/\/codexflores.ch\/index.php\/wp-json\/wp\/v2\/categories?post=10"},{"taxonomy":"post_tag","embeddable":true,"href":"https:\/\/codexflores.ch\/index.php\/wp-json\/wp\/v2\/tags?post=10"}],"curies":[{"name":"wp","href":"https:\/\/api.w.org\/{rel}","templated":true}]}}