{"id":1007,"date":"2014-01-13T10:02:23","date_gmt":"2014-01-13T10:02:23","guid":{"rendered":"https:\/\/codexflores.ch\/index.php\/2014\/01\/13\/fuenf-klingende-kulturgeschichten\/"},"modified":"2014-01-13T10:02:23","modified_gmt":"2014-01-13T10:02:23","slug":"fuenf-klingende-kulturgeschichten","status":"publish","type":"post","link":"https:\/\/codexflores.ch\/index.php\/2014\/01\/13\/fuenf-klingende-kulturgeschichten\/","title":{"rendered":"F\u00fcnf klingende Kulturgeschichten"},"content":{"rendered":"<p><span class=\"txt-m-black\"><img decoding=\"async\" src=\"http:\/\/212.60.37.143\/bilder\/2008\/hoerb0_26608.jpg\" border=\"0\" align=\"left\" \/>26.06.2008 &#8212; Einen renommierten Namen unter den H\u00f6rbuch-Verlagen (samt Nominationen f\u00fcr den Deutschen H\u00f6rbuchpreis in den Kategorien \u00abBeste Information\u00bb und \u00abBeste verlegerische Leistung\u00bb) hat sich der von Corinna Hesse und Antje Hinz 2005 ins Leben gerufene und geleitete Silberfuchs-Verlag in Kayhude (Schleswig-Holstein) gesichert. Die beiden Kulturjournalistinnen, die Erfahrungen beim NDR sammelten, legen k\u00fcnstlerisch ausgestattete, informationsreiche und sch\u00f6n illustrierte Smartpac-Alben vor \u00fcber die Kulturgeschichte von L\u00e4ndern und klingende Biografien von Komponisten. <\/p>\n<p> Zur Qualit\u00e4t der Texte, die in grossr\u00e4umigen Entwicklungen von den Mythen bis in die Gegenwart (die in der Regel knapp umrissen wird) f\u00fchren, ein breites Spektrum an Einsichten vermitteln und Verst\u00e4ndnis und Respekt f\u00f6rdern, gesellt sich in all diesen Produktionen gleichwertig die Musik: Wort und Ton, harmonisch verschr\u00e4nkt, erg\u00e4nzen, reflektieren, kommentieren sich. Das pr\u00e4gt auch die im Folgenden vorgestellten Alben \u00fcber Geschichte, Zivilisation und Kultur der T\u00fcrkei, Frankreichs, Israels, Ungarns und Russlands \u2013 f\u00fcnf spannende, auch Problematisches aufgreifende, informationsreiche und atmosph\u00e4risch dichte 80-min\u00fctige Reisen. <\/p>\n<p> <strong>T\u00fcrkei h\u00f6ren<\/strong> <\/p>\n<p> <img decoding=\"async\" src=\"http:\/\/212.60.37.143\/bilder\/2008\/hoerb4_11608.jpg\" border=\"0\" align=\"left\" \/>Die Silberfuchs-H\u00f6rb\u00fccher erscheinen jeweils zu aktuellem Anlass, jenes \u00fcber die T\u00fcrkei beispielsweise zur \u00abBiennale Bonn: Bosporus\u00bb im Juni 2008 und zur Frankfurter Buchmesse im Oktober gleichen Jahres, an der die T\u00fcrkei als Ehrengast eingeladen ist. <\/p>\n<p> Wie Vorurteile abgebaut, Fehlbilder korrigiert werden k\u00f6nnen, erweist sich nachdr\u00fccklich im Text des T\u00fcrkei-Kenners Martin Greve. Einen der \u00e4ltesten Kulturr\u00e4ume der Welt, gepr\u00e4gt durch Vermischungen von nomadischer und st\u00e4dtischer Kultur, von Christentum und Islam, l\u00e4sst der Sprecher Ercan Durmaz erleben. <\/p>\n<p> Im farbigen, opulenten Mosaik, zu dem auch \u00fcber sechzig Musikbeispiele des t\u00fcrkischen Labels Kalan erklingen, erscheinen grosse Geister aus Religion, Dichtung, Baukunst, Kalligrafie, Schauspiel, treten Emire und Sultane auf, Janitscharen-Kapellen und die Wirbelnden Derwische. Eine Erkenntnis der Aleviten: \u00abWas immer du suchst, such es in dir selbst.\u00bb <\/p>\n<p> Gewicht liegt auf den Beziehungen zwischen dem \u00abErhabenen Staat\u00bb, dem Osmanenreich, und dem christlichen Europa, den Kriegen und den kulturellen Einfl\u00fcssen und der \u00d6ffnung und Modernisierung der T\u00fcrkei unter Atat\u00fcrk, dem Milit\u00e4rputsch von 1980. Gew\u00fcrdigt werden der Lyriker Nazim Hikmet, der Komponist Ahmed Adnan Saygun (der weiland zusammen mit Bart\u00f3k t\u00fcrkisches Volksliedgut sammelte) und der 2006 mit dem Literatur-Nobelpreis ausgezeichnete Orhan Pamuk. <\/p>\n<p> <strong>Frankreich h\u00f6ren<\/strong> <\/p>\n<p> <img decoding=\"async\" src=\"http:\/\/212.60.37.143\/bilder\/2008\/hoerb5_11608.jpg\" border=\"0\" align=\"left\" \/>Von Vercingetorix \u00fcber Heloise und Abaelard, Jeanne d\u2019Arc, Rabelais, Moli\u00e8re, Diderot, Berlioz, Balzac, George Sand und Baudelaire bis zu Proust, Monet, Debussy, Edith Piaf, Sartre, Camus: In geografisch und kulturell vertrautere Gefilde f\u00fchrt der von Barbara Barberon-Zimmermann verfasste, von Dietmar Mues vorgetragene Tour d\u2019horizon zu Frankreich. <\/p>\n<p> Geschichte, Geschichten, Gestalten, M\u00e4chte der Politik, des Geistes und des Geldes lassen wichtige Ereignisse und Entwicklungen, Glanz und Elend der Grande Nation nacherleben. Die Autorin r\u00fcckt dabei ausser den Hauptwegen auch weniger begangene Seitenstrassen in den Blick. Opulent pr\u00e4sentiert sich der Sonnenk\u00f6nig, zu kurz dagegen kommt das Zeitalter Napoleons mit seinen gravierenden Auswirkungen auf ganz Europa. <\/p>\n<p> Asterix, Merlin und die Barden, Ritter, Troubadoure und Komponisten, Choreografen, Baumeister, Architekten, Maler, Schriftstellerinnen, Philosophen und Filmregisseure mit ihren Leistungen und Werken bereichern mit vielen Zitaten ein bewegtes Bild Frankreichs. <\/p>\n<p> Auch dieses Album enth\u00e4lt im eingeklebten Booklet farbige Abbildungen und einen chronologisch geordneten \u00dcberblick \u00fcber die Geschichte des Landes. <\/p>\n<p> <strong>Israel h\u00f6ren<\/strong> <\/p>\n<p> <img decoding=\"async\" src=\"http:\/\/212.60.37.143\/bilder\/2008\/hoerb1_22508.jpg\" border=\"0\" align=\"left\" \/>Anl\u00e4sslich des 60-j\u00e4hrigen Bestehens Israels hat Corinna Hesse die Publikation \u00abIsrael h\u00f6ren. Das Heilige Land\u00bb verfasst. Rolf Becker erz\u00e4hlt die wechselvolle Geschichte des Lands zwischen Orient und Okzident, von den fr\u00fchen Stadtkulturen, den Babyloniern und Persern, den Griechen, R\u00f6mern, Osmanen und Kreuzfahrern bis zum Ausklang des 20. Jahrhunderts. <\/p>\n<p> Pr\u00e4gende Gestalten des Geistes und des Schwerts tauchen auf und wieder unter: David, Salomon, Nebukadnezar, Alexander der Grosse, Jesus, Konstantin, Mohammed, Sultan Saladin und S\u00fcleyman der Pr\u00e4chtige (gestorben 1566), der niederschrieb: \u00abWas Menschen ein Reich nennen, ist nichts als ein weltweiter Streit und endloser Krieg. Die einzige Freude dieser Welt liegt im Frieden.\u00bb Eines von vielen eingeflochtenen Zitaten aus Vergangenheit und Gegenwart. <\/p>\n<p> Die Rede ist von Krieg, Vertreibung und V\u00f6lkermord, von der zionistischen Bewegung, der Suche nach der eigenen Identit\u00e4t, von m\u00e4chtigen Religionen und sakralen Bauten \u2013 Salomos Tempel, Konstantins Grabeskirche, Felsendom des Abd al-Malik, Al-Aqsa-Moschee \u2013, von Tora, Tanach, Talmud, der Bibel, den Schriftrollen aus Qumran und von Psalmen, Hymnen und Liebesliedern, Kabbala und Kalligraphie. <\/p>\n<p> Das farbig bebilderte Booklet f\u00fchrt auch die (j\u00fcdischen) Komponisten und deren Werke auf, die in Ausschnitten zu h\u00f6ren sind. Allerdings nicht in der Reihenfolge des Erklingens, was der Identifikation hinderlich ist. <\/p>\n<p> <strong>Ungarn h\u00f6ren<\/strong> <\/p>\n<p> <img decoding=\"async\" src=\"http:\/\/212.60.37.143\/bilder\/2008\/hoerb2_22508.jpg\" border=\"0\" align=\"left\" \/>Instrumente wie Rohrfl\u00f6te, T\u00e1rogat\u00f3, Laute, Violine, Cimbalom, Dudelsack stehen im Album \u00abUngarn h\u00f6ren. Magyarorsz\u00e1g\u00bb f\u00fcr die Volksmusik. Musikzitate stammen aus Klageliedern, T\u00e4nzen und Volksweisen und Ges\u00e4ngen aus alten Codices, aus Kompositionen u. a. von Haydn, Bakfark, Erkel, Bihari, Liszt, Kod\u00e1ly, Bart\u00f3k, Szentirmay, Dubrovay, Ligeti. <\/p>\n<p> Glanz und Elend des Vielv\u00f6lkerstaats Ungarn, dessen Bewohner, die Magyaren, jahrhundertelang unter fremder Herrschaft lebten, schildert Corinna Hesse facettenreich von der Stammesgesellschaft bis in die Gegenwart. Rolf Becker erinnert an Niederlagen und Triumphe, an Unterdr\u00fcckung und wachsendes Selbstbewusstsein, an die Herrscher und patriotischen Helden, die grossen Denker, Literaten, Musiker, Maler, Architekten, Wissenschaftler und Kunsthandwerker, an die kulturellen Gegens\u00e4tze, die eigenen Wurzeln und die Impulse aus dem Osten und dem Westen, an den Widerstandsgeist und den Aufbruch in die Moderne. <\/p>\n<p> <strong>Russland h\u00f6ren<\/strong> <\/p>\n<p> <img decoding=\"async\" src=\"http:\/\/212.60.37.143\/bilder\/2008\/hoerb3_22508.jpg\" border=\"0\" align=\"left\" \/>Ebenso plastisch gestaltet sich der 80-min\u00fctige Gang durch Jahrhunderte des russischen Reiches, den die Slawistin Antje Hinz weist. Auch hier zeigt sich Rolf Becker als souver\u00e4ner Erz\u00e4hler. Vom Gr\u00fcndungsmythos der Kiewer Rus spannt sich der Bogen \u00fcber die Christianisierung, die Fremdherrschaft der Tataren und die Einfl\u00fcsse aus Byzanz bis zur Dynastie der Romanow, Stalins Terrorregime und den Wandel unter Gorbatschow. <\/p>\n<p> Die Zuh\u00f6renden besuchen Kiew, Nowgorod, Moskau und St. Petersburg, begegnen Elementargeistern, Fabel- und M\u00e4rchenwesen, Leibeigenen, Beamten, Kosaken und Zaren, erleben Musik (z. B. aus der russisch-orthodoxen Liturgie und von Tschaikowski, Glasunow, Glinka, Mussorgski, Borodin, Rimski-Korsakow, Skrjabin, Rachmaninow, Prokofiew, Dubjanski, Schostakowitsch, Strawinsky), Tanz und Dichtung, Stile, Str\u00f6mungen und Experimente, den sozialistischen Realismus und die Manifeste der k\u00fcnstlerischen Avantgarde \u2013 ein weiteres Beispiel einer rundum gelungenen klingenden, optisch gediegen pr\u00e4sentierten L\u00e4nder-Kulturgeschichte aus dem Silberfuchs-Verlag. <\/span> <span class=\"txt-m-black\">(<em>ws<\/em>)<\/span><\/p>\n<p><\/p>\n<p> <center> <\/p>\n<table style=\"width: 430px;\" summary=\"linie\" border=\"0\" cellspacing=\"0\" cellpadding=\"0\">\n<tbody>\n<tr>\n<td colspan=\"9\" bgcolor=\"#666666\" height=\"1\"><img loading=\"lazy\" decoding=\"async\" src=\"http:\/\/212.60.37.143\/grafiken\/dbrown1x1.gif\" border=\"0\" width=\"1\" height=\"1\" \/><\/td>\n<\/tr>\n<\/tbody>\n<\/table>\n<p> <\/center> <\/p>\n<p><span class=\"txt-s-black\">T\u00fcrkei h\u00f6ren. Text: Martin Greve. Sprecher: Ercan Durmaz. <\/p>\n<p> Frankreich h\u00f6ren. Text: Barbara Barberon-Zimmermann. Sprecher: Dietmar Mues. <\/p>\n<p> Israel h\u00f6ren. Das Heilige Land. Text: Corinna Hesse. Sprecher: Rolf Becker. <\/p>\n<p> Ungarn h\u00f6ren. Magyarorsz\u00e1g. Text: Corinna Hesse. Sprecher: Rolf Becker. <\/p>\n<p> Russland h\u00f6ren. POCC\u0418\u042f. Text: Antje Hinz. Sprecher: Rolf Becker. <\/p>\n<p> Die f\u00fcnf H\u00f6rb\u00fccher sind erschienen im Silberfuchs-Verlag \u2013 H\u00f6ren und Wissen, Kayhude. <\/p>\n<p> Die Verlegerinnen des Silberfuchs-Verlags (<a href=\"http:\/\/www.silberfuchs-verlag.de\" target=\"blank\" rel=\"noopener noreferrer\">www.silberfuchs-verlag.de<\/a>) spenden je einen Euro aus dem Verkauf jedes H\u00f6rbuchs <a href=\"http:\/\/212.60.37.143\/rezensionen_ind2.php?art=306\">\u00abChina h\u00f6ren\u00bb<\/a> an das Deutsche Rote Kreuz f\u00fcr die Opfer des Erdbebens in China.<\/span><\/p>\n","protected":false},"excerpt":{"rendered":"<p>26.06.2008 &#8212; Einen renommierten Namen unter den H\u00f6rbuch-Verlagen (samt Nominationen f\u00fcr den Deutschen H\u00f6rbuchpreis in den Kategorien \u00abBeste Information\u00bb und&#8230;<\/p>\n","protected":false},"author":1,"featured_media":0,"comment_status":"open","ping_status":"open","sticky":false,"template":"","format":"standard","meta":{"footnotes":""},"categories":[13],"tags":[],"class_list":["post-1007","post","type-post","status-publish","format-standard","hentry","category-tontraeger-besprechungen","entry"],"_links":{"self":[{"href":"https:\/\/codexflores.ch\/index.php\/wp-json\/wp\/v2\/posts\/1007","targetHints":{"allow":["GET"]}}],"collection":[{"href":"https:\/\/codexflores.ch\/index.php\/wp-json\/wp\/v2\/posts"}],"about":[{"href":"https:\/\/codexflores.ch\/index.php\/wp-json\/wp\/v2\/types\/post"}],"author":[{"embeddable":true,"href":"https:\/\/codexflores.ch\/index.php\/wp-json\/wp\/v2\/users\/1"}],"replies":[{"embeddable":true,"href":"https:\/\/codexflores.ch\/index.php\/wp-json\/wp\/v2\/comments?post=1007"}],"version-history":[{"count":0,"href":"https:\/\/codexflores.ch\/index.php\/wp-json\/wp\/v2\/posts\/1007\/revisions"}],"wp:attachment":[{"href":"https:\/\/codexflores.ch\/index.php\/wp-json\/wp\/v2\/media?parent=1007"}],"wp:term":[{"taxonomy":"category","embeddable":true,"href":"https:\/\/codexflores.ch\/index.php\/wp-json\/wp\/v2\/categories?post=1007"},{"taxonomy":"post_tag","embeddable":true,"href":"https:\/\/codexflores.ch\/index.php\/wp-json\/wp\/v2\/tags?post=1007"}],"curies":[{"name":"wp","href":"https:\/\/api.w.org\/{rel}","templated":true}]}}