{"id":1013,"date":"2014-01-13T10:05:28","date_gmt":"2014-01-13T10:05:28","guid":{"rendered":"https:\/\/codexflores.ch\/index.php\/2014\/01\/13\/emil-frey-klavierwerke\/"},"modified":"2014-01-13T10:05:28","modified_gmt":"2014-01-13T10:05:28","slug":"emil-frey-klavierwerke","status":"publish","type":"post","link":"https:\/\/codexflores.ch\/index.php\/2014\/01\/13\/emil-frey-klavierwerke\/","title":{"rendered":"Emil Frey: Klavierwerke"},"content":{"rendered":"<p><span class=\"txt-m-black\"><img decoding=\"async\" src=\"http:\/\/212.60.37.143\/bilder\/2008\/080812frey.jpg\" border=\"0\" align=\"left\" \/>22.09.2008 &#8212; \u00ab&#8230;erinnern an Brahms\u00bb, \u00ab&#8230;kn\u00fcpft an Faur\u00e9 an\u00bb, \u00ab&#8230;Bach-Imitationen&#8230;\u00bb, \u00ab&#8230;weist auf Schostakowitsch voraus\u00bb, \u00abim altfranz\u00f6sischen Stil geschrieben\u00bb, \u00abReminiszenzen an Ravel&#8230;\u00bb, \u00ab&#8230;wie eine sp\u00e4te Huldigung an Skrjabin\u00bb, \u00ab&#8230;endet in Prokofjew-Manier\u00bb, \u00ab&#8230;ein an Busoni ankn\u00fcpfendes Werk&#8230;\u00bb &#8211; die Umschreibungen von Emil Freys Genrest\u00fccke im Booklet der CD wecken den vielleicht nicht einmal ganz von der Hand zu weisenden Verdacht, dass der Klaviermusik des 1946 verstorbenen Aargauer Komponisten und Pianisten epigonale Z\u00fcge eigen sind. Das ist allerdings bloss eine Seite der Medaille. Und das Verdikt dokumentiert die eigenartige und musikgeschichtlich durchaus interessante Verbindung aus Bodenst\u00e4ndigkeit und Weltb\u00fcrgertum, die sich aus Freys Biografie ablesen l\u00e4sst.<\/p>\n<p> Der 1889 geborene Virtuose hat sein Handwerk in Paris bei keinen geringeren als Faur\u00e9 und Widor vervollkomnet und drei Jahre in Berlin gelebt. Er war aber auch Hofpianist und Gast der rum\u00e4nischen K\u00f6nigin Elisabeth, deren Gedichte er vertonte (der rum\u00e4nische Nationalkomponist George Enescu hat ihm seine Sonate op. 24, Nr.1, ein Hauptwerk der rum\u00e4nischen Klaviermusik, gewidmet). Dar\u00fcberhinaus hat er am Rubinstein-Wettbewerb in St. Petersburg einen Kompositionspreis gewonnen. \u00dcberdies war er Professor am Konservatorium von Moskau (wo er mit Skrjabin zusammentraf), und er tourte durch Brasilien und Argentinien. In seinem Werkverzeichnis findet sich aber auch so Urt\u00fcmliches wie ein Glarner Landsgemeindelied f\u00fcr M\u00e4nnerchor und Blasorchester und ein Schweizer \u00c4lplermarsch.<\/p>\n<p> In einem Artikel f\u00fcr das Historische Lexikon der Schweiz bemerkt der Musikwissenschaftler Andres Briner, Frey habe sich vor allem als Komponist verstanden. Als K\u00fcnstler und P\u00e4dagoge habe er weitherum Ber\u00fchmtheit erlangt, sein breites \u0152uvre sei aber nur zu einem kleinen Teil gedruckt worden, und auch die Zahl der Auff\u00fchrungen sei gering geblieben.<\/p>\n<p> Letzteres mag zu seinen Lebzeiten und in den Jahrzehnten danach eben damit zu tun gehabt haben, dass sein eing\u00e4ngiges tonsch\u00f6pferisches Wirken in einer Zeit, in der andere Zw\u00f6lft\u00f6niges und Ekstatisch-Polytonales kreierten, nicht gerade an der Front des zeitgen\u00f6ssischen Musikschaffens zu finden war und man ihn deswegen als k\u00fcnstlerisch unbedeutend eingestuft haben d\u00fcrfte &#8211; wie alles, was in in dieser Zeit nicht gerade dem bloss nach den \u00abavanciertesten Techniken\u00bb gierenden Zeitgeist Gen\u00fcge tat. Freys Werk selber tut man damit sicherlich unrecht, denn auch wenn in seinen Klavierst\u00fccken die kompositorischen Vorbilder zweifelssohne pr\u00e4sent bleiben, ist sein Tonsatz doch von hoher Erfindungskraft, musikantischem Einfallsreichtum und atmosph\u00e4rischer Dichte. Heutigen Zuh\u00f6rern und Pianisten haben die lebendigen und kunstvoll gesetzten Charakterst\u00fccke einiges zu bieten.<\/p>\n<p> Eingespielt hat den Querschnitt durch Freys pianistisches Oeuvre im August 2007 im Stadthaus Winterthur Karl-Andreas Kolly. Er ist als Professor an der Z\u00fcrcher Hochschule der K\u00fcnste (ZHdK) so etwas wie ein direkter Nachfolger Freys, hat letzterer doch zwischen 1922 und seinem Tod 1946 am Z\u00fcrcher Konservatorium &#8211; heute ein Teil der ZHdK &#8211; die Konzertausbildungsklasse geleitet. Der versierte Pianist Kolly hat sich auch schon f\u00fcr Rarit\u00e4ten wie die Klavierkonzerte von Glasunow, d&#8217;Albert oder Franz Schmidt stark gemacht. Sein Einsatz f\u00fcr Emil Frey scheint mehr als eine Laune zu sein, versteht er es doch, die erstaunliche F\u00fclle an Farben, Texturen und melodischen Facetten, die den Klaviers\u00e4tzen eigen sind, differenziert herauszuarbeiten und dabei nie ins Geschm\u00e4cklerische abzugleiten. Eine besseren F\u00fcrsprecher h\u00e4tte Frey wohl kaum finden k\u00f6nnen. <\/span> <span class=\"txt-m-black\">(<em>wb<\/em>)<\/span><\/p>\n<p><\/p>\n<p> <center> <\/p>\n<table style=\"width: 430px;\" summary=\"linie\" border=\"0\" cellspacing=\"0\" cellpadding=\"0\">\n<tbody>\n<tr>\n<td colspan=\"9\" bgcolor=\"#666666\" height=\"1\"><img loading=\"lazy\" decoding=\"async\" src=\"http:\/\/212.60.37.143\/grafiken\/dbrown1x1.gif\" border=\"0\" width=\"1\" height=\"1\" \/><\/td>\n<\/tr>\n<\/tbody>\n<\/table>\n<p> <\/center> <\/p>\n<p><span class=\"txt-s-black\">Emil Frey Klavierwerke, Karl-Andreas Kolly (Klavier), Koproduktion von Musiques Suisses, Musikkollegium Winterthur und Z\u00fcrcher Hochschule der K\u00fcnste, MGB CD 6261, <a href=\"http:\/\/www.musiques-suisses.ch\" target=\"blank\" rel=\"noopener noreferrer\">www.musiques-suisses.ch<\/a> <\/span><\/p>\n","protected":false},"excerpt":{"rendered":"<p>22.09.2008 &#8212; \u00ab&#8230;erinnern an Brahms\u00bb, \u00ab&#8230;kn\u00fcpft an Faur\u00e9 an\u00bb, \u00ab&#8230;Bach-Imitationen&#8230;\u00bb, \u00ab&#8230;weist auf Schostakowitsch voraus\u00bb, \u00abim altfranz\u00f6sischen Stil geschrieben\u00bb, \u00abReminiszenzen an&#8230;<\/p>\n","protected":false},"author":1,"featured_media":0,"comment_status":"open","ping_status":"open","sticky":false,"template":"","format":"standard","meta":{"footnotes":""},"categories":[13],"tags":[],"class_list":["post-1013","post","type-post","status-publish","format-standard","hentry","category-tontraeger-besprechungen","entry"],"_links":{"self":[{"href":"https:\/\/codexflores.ch\/index.php\/wp-json\/wp\/v2\/posts\/1013","targetHints":{"allow":["GET"]}}],"collection":[{"href":"https:\/\/codexflores.ch\/index.php\/wp-json\/wp\/v2\/posts"}],"about":[{"href":"https:\/\/codexflores.ch\/index.php\/wp-json\/wp\/v2\/types\/post"}],"author":[{"embeddable":true,"href":"https:\/\/codexflores.ch\/index.php\/wp-json\/wp\/v2\/users\/1"}],"replies":[{"embeddable":true,"href":"https:\/\/codexflores.ch\/index.php\/wp-json\/wp\/v2\/comments?post=1013"}],"version-history":[{"count":0,"href":"https:\/\/codexflores.ch\/index.php\/wp-json\/wp\/v2\/posts\/1013\/revisions"}],"wp:attachment":[{"href":"https:\/\/codexflores.ch\/index.php\/wp-json\/wp\/v2\/media?parent=1013"}],"wp:term":[{"taxonomy":"category","embeddable":true,"href":"https:\/\/codexflores.ch\/index.php\/wp-json\/wp\/v2\/categories?post=1013"},{"taxonomy":"post_tag","embeddable":true,"href":"https:\/\/codexflores.ch\/index.php\/wp-json\/wp\/v2\/tags?post=1013"}],"curies":[{"name":"wp","href":"https:\/\/api.w.org\/{rel}","templated":true}]}}