{"id":1022,"date":"2014-01-13T10:10:19","date_gmt":"2014-01-13T10:10:19","guid":{"rendered":"https:\/\/codexflores.ch\/index.php\/2014\/01\/13\/hommage-a-eugene-ysaye\/"},"modified":"2014-01-13T10:10:19","modified_gmt":"2014-01-13T10:10:19","slug":"hommage-a-eugene-ysaye","status":"publish","type":"post","link":"https:\/\/codexflores.ch\/index.php\/2014\/01\/13\/hommage-a-eugene-ysaye\/","title":{"rendered":"Hommage \u00e0 Eug\u00e8ne Ysa\u00ffe"},"content":{"rendered":"<p><span class=\"txt-m-black\"> <img decoding=\"async\" src=\"http:\/\/212.60.37.143\/bilder\/2009\/ysay12109.jpg\" border=\"0\" align=\"left\" \/>27.01.2009 &#8212; Er war Professor f\u00fcr Violine Ihrer Majest\u00e4t K\u00f6nigin Elisabeth und Kapellmeister des belgischen Hofes. Als Dirigent, vor allem aber als Geigenvirtuose und Komponist spielte Eug\u00e8ne Ysa\u00ffe vor hundert Jahren eine glanzvolle Rolle in der Musikwelt Europas. Er brachte Violinwerke von Franck, Saint-Sa\u00ebns, Faur\u00e9, Lekeu, Chausson, Debussy zur Urauff\u00fchrung, regte Komponisten und Interpreten durch seine virtuose Technik und stupende Musikalit\u00e4t nachhaltig an (legend\u00e4r ist seine Interpretation von Brahms\u2019 Violinkonzert 1903) und setzte sich in Br\u00fcssel, wo er am Conservatoire Royal lehrte, als Dirigent und Solist nachhaltig f\u00fcr zeitgen\u00f6ssische Werke ein. <\/p>\n<p> Und heute? Einst ein einflussreicher und gefeierter K\u00fcnstler, auch in seinem Exil w\u00e4hrend des Ersten Weltkriegs und bis 1922 in England und den USA, ist Ysa\u00ffe (1858\u20131931) zu einer marginalen Figur des Musiklebens geworden. Zweifellos bedauerlich, denn der Belgier pr\u00e4gte einen originellen Kompositionsstil mit Nachkl\u00e4ngen von Wagner, der irisierenden br\u00fcchigen Gef\u00fchlswelt des Fin de si\u00e8cle, den Finessen des Impressionismus und modernen Collagetechniken und schneiderte, offen f\u00fcr Experimente mit Formmodellen, \u00fcppige klangsinnliche sinfonische Dichtungen in kammermusikalischem Kleid. <\/p>\n<p> An erster Stelle zu nennen sind da seine sechs Sonaten f\u00fcr Violine solo op. 27, jede einem ber\u00fchmten Geigenkollegen gewidmet (Szigeti, Thibaud, Enescu, Kreisler, Mathieu Crickboom, 2. Geiger des Ysa\u00ffe-Quartetts, und Quiroga), jede mit eigenem Gesicht und Charakter und insgesamt mit der ganzen Palette dessen, was auf der Violine realisierbar ist. <\/p>\n<p> Ingolf Turban (Violine) und Kolja Lessing (Klavier und Violine) haben den 150. Geburtstag Ysa\u00ffes zum Anlass einer W\u00fcrdigung genommen und ein komponiertes Programm erarbeitet. Es enth\u00e4lt die sechs Solosonaten, die Paganini-Variationen auf das Thema \u2013 wie k\u00f6nnte es anders sein \u2013 der 24. Caprice mit Begleitung des Klaviers, die Sonate f\u00fcr 2 Soloviolinen (gedruckt erst 2004, Auff\u00fchrungsdauer 36 Minuten!), die Violin-Klavier-Werke Po\u00e8me \u00e9l\u00e9giaque op. 12, Mazurka op. 11\/3, R\u00eave d\u2019enfant op. 14 und Berceuse op. 20. Dazu eine Komposition f\u00fcr Streichorchester (ohne Kontrab\u00e4sse), \u00abExil!\u00bb op. 25. <\/p>\n<p> Anregend das Programm, das einen plastischen Eindruck von Ysa\u00ffes K\u00fcnstlerpers\u00f6nlichkeit vermittelt, beeindruckend und nachhaltig die Interpretationen durch Ingolf Turban, Kolja Lessing und die \u00abVirtuosi di Paganini\u00bb: Erfindungsreichtum und schwindelerregende technische und farbenreiche klangliche Brillanz vereinen sich zu einem mal kraftstrotzenden, mal zartbesaiteten Violinfest auf h\u00f6chstem Niveau. <\/span> <span class=\"txt-m-black\">(<em>ws<\/em>)<\/span><\/p>\n<p><\/p>\n<p> <center> <\/p>\n<table style=\"width: 430px;\" summary=\"linie\" border=\"0\" cellspacing=\"0\" cellpadding=\"0\">\n<tbody>\n<tr>\n<td colspan=\"9\" bgcolor=\"#666666\" height=\"1\"><img loading=\"lazy\" decoding=\"async\" src=\"http:\/\/212.60.37.143\/grafiken\/dbrown1x1.gif\" border=\"0\" width=\"1\" height=\"1\" \/><\/td>\n<\/tr>\n<\/tbody>\n<\/table>\n<p> <\/center> <\/p>\n<p><span class=\"txt-s-black\">Hommage \u00e0 Eug\u00e8ne Ysa\u00ffe. 6 Sonaten op. 27; Sonate f\u00fcr 2 Soloviolinen op. posth.; Paganini-Variations op. posth.; \u00abExil!\u00bb f\u00fcr Streichorchester op. 25 u. a. \u2013 Ingolf Turban, Violine; Kolja Lessing, Klavier und Violine. I Virtuosi di Paganini, Leitung: Ingolf Turban. (telos music records TLS 099; 2 CDs; 147\u2019. Booklet dt., engl., frz.)<\/span><\/p>\n","protected":false},"excerpt":{"rendered":"<p>27.01.2009 &#8212; Er war Professor f\u00fcr Violine Ihrer Majest\u00e4t K\u00f6nigin Elisabeth und Kapellmeister des belgischen Hofes. Als Dirigent, vor allem&#8230;<\/p>\n","protected":false},"author":1,"featured_media":0,"comment_status":"open","ping_status":"open","sticky":false,"template":"","format":"standard","meta":{"footnotes":""},"categories":[13],"tags":[],"class_list":["post-1022","post","type-post","status-publish","format-standard","hentry","category-tontraeger-besprechungen","entry"],"_links":{"self":[{"href":"https:\/\/codexflores.ch\/index.php\/wp-json\/wp\/v2\/posts\/1022","targetHints":{"allow":["GET"]}}],"collection":[{"href":"https:\/\/codexflores.ch\/index.php\/wp-json\/wp\/v2\/posts"}],"about":[{"href":"https:\/\/codexflores.ch\/index.php\/wp-json\/wp\/v2\/types\/post"}],"author":[{"embeddable":true,"href":"https:\/\/codexflores.ch\/index.php\/wp-json\/wp\/v2\/users\/1"}],"replies":[{"embeddable":true,"href":"https:\/\/codexflores.ch\/index.php\/wp-json\/wp\/v2\/comments?post=1022"}],"version-history":[{"count":0,"href":"https:\/\/codexflores.ch\/index.php\/wp-json\/wp\/v2\/posts\/1022\/revisions"}],"wp:attachment":[{"href":"https:\/\/codexflores.ch\/index.php\/wp-json\/wp\/v2\/media?parent=1022"}],"wp:term":[{"taxonomy":"category","embeddable":true,"href":"https:\/\/codexflores.ch\/index.php\/wp-json\/wp\/v2\/categories?post=1022"},{"taxonomy":"post_tag","embeddable":true,"href":"https:\/\/codexflores.ch\/index.php\/wp-json\/wp\/v2\/tags?post=1022"}],"curies":[{"name":"wp","href":"https:\/\/api.w.org\/{rel}","templated":true}]}}