{"id":103,"date":"2014-01-09T13:03:16","date_gmt":"2014-01-09T13:03:16","guid":{"rendered":"https:\/\/codexflores.ch\/index.php\/2014\/01\/09\/galliano-spielt-vivaldis-jahreszeiten\/"},"modified":"2014-01-09T13:03:16","modified_gmt":"2014-01-09T13:03:16","slug":"galliano-spielt-vivaldis-jahreszeiten","status":"publish","type":"post","link":"https:\/\/codexflores.ch\/index.php\/2014\/01\/09\/galliano-spielt-vivaldis-jahreszeiten\/","title":{"rendered":"Galliano spielt Vivaldis Jahreszeiten"},"content":{"rendered":"<p><span class=\"txt-m-black\"><img decoding=\"async\" src=\"http:\/\/212.60.37.143\/bilder\/2013\/130621galliano.jpg\" border=\"0\" align=\"left\" \/><em>21.06.2013 &#8212;<\/em> Da denkt man sich, da tr\u00e4fen sich Hochkultur und Volksfest, musikalische Kulinarik und deftiges Volksst\u00fcck, Vivaldis Musik der feinen mediterranen Lebensart und das Akkordeon, Inbegriff des bodenst\u00e4ndigen volkst\u00fcmlichen Treibens auf der Piazza. Mag ja sein. Die Verstickungen sind aber weitaus komplexer und die soziale H\u00f6henluft oder Fallh\u00f6he in beiden F\u00e4llen doch schwieriger zu bestimmen, als man allgemein hin annehmen k\u00f6nnte. Auf alle F\u00e4lle sind sowohl Vivaldis Musik als auch das Akkordeon Urauspr\u00e4gungen der Italianit\u00e0. Das eine f\u00fcgt sich fast von selber zum andern. <\/p>\n<p> So haben sich denn auch schon Heerscharen von Akkordeonisten mit der gleichen Passion an Vivaldis \u00abJahreszeiten\u00bb gemacht wie sie mit spitzb\u00fcbischer Freude einen Hummelflug, einen Chopin-Walzer oder Bach-Chor\u00e4le in die Kn\u00f6pfe dr\u00fccken. Die Musik fliesst fast von selber aus den Blaseb\u00e4lgen, weil sie dort so gut aufgehoben ist. <\/p>\n<p> Auch Richard Galliano hat die Repertoirereisser schon als Jungspund gerne rauf- und runtergespielt, mit m\u00f6glichst viel Fingerfertigkeit Soli und Orchester zusammengeknopft. Als gereifter Musiker h\u00f6rt er nun die klanglichen und expressiven Dimensionen der Konzerte, und er versucht, sie mit einem Streicherquintett zu einem tiefgr\u00fcndigeren Erlebnis zu machen. Dass da das Kantable und Klanglich-Subtile zum Zuge kommen soll, darauf weisen auch die Arien hin, mit denen die CD komplettiert wird \u2012 eine davon spielt Galliano auf einem mundgeblasenen Accordina. Ein h\u00fcbsche Idee, wenn auch weniger schl\u00fcssig als der famose Saisons-Konzertzyklus in der Sextettbesetzung. <\/p>\n<p> Die Aufnahmen zur CD sind im Juni 2012 in der Kirche Notre-Dame du Liban in Paris entstanden. Das hat seine Richtigkeit. Vor den letzten Alben, unter anderem mit Tangokl\u00e4ngen und der Musik Nino Rotas hat Galliano bereits ein barockes Album eingespielt, mit Werken Bachs. Wie kein zweiter versteht es der Franzose, die Grenzen zwischen Klassik und Gebrauchsmusik zur Illusion zu machen. <em>(wb)<\/em><\/p>\n<p> <span style=\"font-size: x-small;\"><em><span class=\"txt-s-black\">Richard Galliano: Vivaldi. Deutsche Grammophon\/Universal Classic &amp; Jazz France, Best.-Nr. 4810350<\/span> <\/em><\/span><\/span><\/p>\n","protected":false},"excerpt":{"rendered":"<p>21.06.2013 &#8212; Da denkt man sich, da tr\u00e4fen sich Hochkultur und Volksfest, musikalische Kulinarik und deftiges Volksst\u00fcck, Vivaldis Musik der&#8230;<\/p>\n","protected":false},"author":1,"featured_media":0,"comment_status":"open","ping_status":"open","sticky":false,"template":"","format":"standard","meta":{"footnotes":""},"categories":[4],"tags":[],"class_list":["post-103","post","type-post","status-publish","format-standard","hentry","category-im-gespraech","entry"],"_links":{"self":[{"href":"https:\/\/codexflores.ch\/index.php\/wp-json\/wp\/v2\/posts\/103","targetHints":{"allow":["GET"]}}],"collection":[{"href":"https:\/\/codexflores.ch\/index.php\/wp-json\/wp\/v2\/posts"}],"about":[{"href":"https:\/\/codexflores.ch\/index.php\/wp-json\/wp\/v2\/types\/post"}],"author":[{"embeddable":true,"href":"https:\/\/codexflores.ch\/index.php\/wp-json\/wp\/v2\/users\/1"}],"replies":[{"embeddable":true,"href":"https:\/\/codexflores.ch\/index.php\/wp-json\/wp\/v2\/comments?post=103"}],"version-history":[{"count":0,"href":"https:\/\/codexflores.ch\/index.php\/wp-json\/wp\/v2\/posts\/103\/revisions"}],"wp:attachment":[{"href":"https:\/\/codexflores.ch\/index.php\/wp-json\/wp\/v2\/media?parent=103"}],"wp:term":[{"taxonomy":"category","embeddable":true,"href":"https:\/\/codexflores.ch\/index.php\/wp-json\/wp\/v2\/categories?post=103"},{"taxonomy":"post_tag","embeddable":true,"href":"https:\/\/codexflores.ch\/index.php\/wp-json\/wp\/v2\/tags?post=103"}],"curies":[{"name":"wp","href":"https:\/\/api.w.org\/{rel}","templated":true}]}}