{"id":1036,"date":"2014-01-13T10:16:59","date_gmt":"2014-01-13T10:16:59","guid":{"rendered":"https:\/\/codexflores.ch\/index.php\/2014\/01\/13\/die-sinfoniker-magnard-und-alfven\/"},"modified":"2014-01-13T10:16:59","modified_gmt":"2014-01-13T10:16:59","slug":"die-sinfoniker-magnard-und-alfven","status":"publish","type":"post","link":"https:\/\/codexflores.ch\/index.php\/2014\/01\/13\/die-sinfoniker-magnard-und-alfven\/","title":{"rendered":"Die Sinfoniker Magnard und Alfv\u00e9n"},"content":{"rendered":"<p><span class=\"txt-m-black\"><img decoding=\"async\" src=\"http:\/\/212.60.37.143\/bilder\/2009\/mag8709.jpg\" border=\"0\" align=\"left\" \/>20.07.2009 &#8212; Eigenwilliger Mann, seltsames Schicksal: Alb\u00e9ric Magnard, geboren 1865 wie Jean Sibelius und Paul Dukas, am gleichen Tag wie Carl Nielsen, war der Sohn von Fran\u00e7ois Magnard, des Bestsellerautors und Herausgebers der Tageszeitung \u00abLe Figaro\u00bb, dementsprechend finanziell gut gebettet. Ausgebildet in England, gab er 21-j\u00e4hrig das Jurastudium zugunsten der Musik auf und lernte in Paris bei Massenet und d\u2019Indy. Scharfz\u00fcngige Musikrezensionen publizierte er im \u00abFigaro\u00bb und machte sich damit einen Harst von Feinden, der sp\u00e4ter noch wuchs, weil er in der Dreyfus-Aff\u00e4re Emile Zola unterst\u00fctzte. Ab 1894, nach dem Tod des Vaters, blieben Alb\u00e9ric Magnard die Redaktionst\u00fcren verschlossen. Immerhin erbte er ein beruhigendes Verm\u00f6gen. <\/p>\n<p> 1890 hatte er seine 1. Sinfonie beendet, die drei Jahre sp\u00e4ter in Paris zur Urauff\u00fchrung kam. Die Sinfonien 2 bis 4 folgten 1893, 1896 und 1913 und erlebten ebenfalls Wiedergaben. Magnard, Verehrer Wagners und Francks, Professor f\u00fcr Kontrapunkt an der Schola Cantorum Paris und Komponist im Stil der franz\u00f6sischen sinfonischen Tradition (die Klangraffinessen der Impressionisten lehnte er ab) durchlitt Entt\u00e4uschungen als Folge mangelnder Beachtung seines Wirkens, b\u00fcsste zudem sein Geh\u00f6r ein, vereinsamte und verbitterte. <\/p>\n<p> Dann ein gewaltsames Ende am 3. September 1914: Frau und beide T\u00f6chter hatte er beim Nahen der deutschen Vorhut evakuiert und blieb in seiner Villa \u00abManoir de Fontaines\u00bb in Baron (Oise). Als Uniformierte in den Garten eindrangen, erschoss Magnard mit seiner Pistole einen Soldaten, verletzte einen zweiten. In seinem in Brand gesteckten Haus kam der Musiker um, und eine Vielzahl der ungedruckten Kompositionen ging in Flammen auf. <\/p>\n<p> Rar ist sein Name in Musiklexika, und selten finden sich ausserhalb des franz\u00f6sischen Kulturraums Auff\u00fchrungen von Alb\u00e9ric Magnards knapp \u00fcber zwanzig Werken, darunter drei Opern und vier Sinfonien. Thomas Sanderling hat mit dem Sinfonieorchester Malm\u00f6 1998\/1999 das sinfonische \u0152uvre dieses Meisters der Variation und Entwicklung eingespielt; die 3 CDs sind nun in einem Klappalbum vereint worden. <\/p>\n<p> Die werkdienliche, grossr\u00e4umige und klanglich differenzierte Interpretation stellt die Charakteristika dieser sp\u00e4tromantischen, zyklisch angelegten Sch\u00f6pfungen mit ihren komplexen Strukturen, den ausgedehnten Melodielinien und majest\u00e4tischen Chor\u00e4len in atmosph\u00e4risch dichte Beleuchtung. <\/p>\n<p> <strong>Hugo Alfv\u00e9n<\/strong><\/p>\n<p> <img decoding=\"async\" src=\"http:\/\/212.60.37.143\/bilder\/2009\/alf8709.jpg\" border=\"0\" align=\"left\" \/>Als Hugo Alfv\u00e9n 1960 im Alter von 88 Jahren in Falun starb, galt er nach dem knapp hundert Jahre zuvor verstorbenen Franz Berwald als grosser alter Mann der schwedischen Musik. Ein umfangreiches Schaffen und seine T\u00e4tigkeit als Dirigent und Chorleiter hatten ihn in ganz Europa und den USA bekannt gemacht und ihm Ehrendoktorat und Preise eingetragen. Auch als Landschafts- und Portr\u00e4tmaler wie als Autor vierb\u00e4ndiger Memoiren erntete er Anerkennung. <\/p>\n<p> Zwei Elemente erweisen sich als pr\u00e4gend in Alfv\u00e9ns kompositorischem \u0152uvre: die Volksmusik seiner Heimat und die schwedische Sch\u00e4renlandschaft. In den f\u00fcnf Sinfonien, entstanden zwischen 1897 (ein erstaunliches Opus des 24-J\u00e4hrigen) und 1960 (ein nicht durchwegs inspiriertes Alterswerk), verbinden sich franz\u00f6sische mit deutschen Elementen der Sp\u00e4tromantik \u2013 Ankl\u00e4nge an Richard Strauss sind un\u00fcberh\u00f6rbar. <\/p>\n<p> Erfindungsreicher und pers\u00f6nlicher als seine Sinfonien, in denen sich Alfv\u00e9n mit der Gattungstradition auseinandersetzte und zu eigenen L\u00f6sungen fand, sind die Tondichtungen und Ballettmusiken, angeregt durch Vorlagen aus der Sagenwelt und durch Landschaftsimpressionen. Das vorliegende Album enth\u00e4lt denn auch ausser den Sinfonien die drei Schwedischen Rhapsodien (die erste ist Alfv\u00e9ns ber\u00fchmtestes Werk, \u00abMidsommarvaka\u00bb, Mittsommerwache), \u00abEn sk\u00e4rg\u00e5rdss\u00e4gen\u00bb (Eine Sch\u00e4rensage), die Ballettsuiten \u00abBergakungen\u00bb (Der Bergk\u00f6nig) und \u00abDen f\u00f6rlorade sonen\u00bb (Der verlorene Sohn) sowie drei weitere Kompositionen. <\/p>\n<p> Auf dem Fundament beherrschten Handwerks baut Hugo Alfv\u00e9n tonal verankerte, chromatisch durchsetzte opulente Klanggem\u00e4lde mit pr\u00e4gnanter Thematik und farbenreicher Palette: In der Kunst des Instrumentierens und in der imaginativen Kraft, mit der er Seelenzust\u00e4nde und die Stimmungen von Meer und Landschaft ins Medium der Musik umsetzt, geh\u00f6rt er mit Wilhelm Stenhammar und Wilhelm Peterson-Berger zu den profiliertesten Exponenten der schwedischen Sp\u00e4tromantik. <\/p>\n<p> Neeme J\u00e4rvi und das K\u00f6nigliche Philharmonieorchester Stockholm haben die auf f\u00fcnf CDs nun zusammen in einem Album vorliegenden Werke zwischen 1987 und 1992 eingespielt und bew\u00e4hren sich als engagierte und mit den Stileigenheiten von Alfv\u00e9ns Schaffens eng vertraute Interpreten. <\/span> <span class=\"txt-m-black\">(<em>ws<\/em>)<\/span><\/p>\n<p><\/p>\n<p> <center> <\/p>\n<table style=\"width: 430px;\" summary=\"linie\" border=\"0\" cellspacing=\"0\" cellpadding=\"0\">\n<tbody>\n<tr>\n<td colspan=\"9\" bgcolor=\"#666666\" height=\"1\"><img loading=\"lazy\" decoding=\"async\" src=\"http:\/\/212.60.37.143\/grafiken\/dbrown1x1.gif\" border=\"0\" width=\"1\" height=\"1\" \/><\/td>\n<\/tr>\n<\/tbody>\n<\/table>\n<p> <\/center> <\/p>\n<p><span class=\"txt-s-black\">Alb\u00e9ric Magnard: Complete Symphonies. Malm\u00f6 Symphony Orchestra. Leitung: Thomas Sanderling (Brilliant Classics 93712; Klappalbum mit 3 CDs)<\/p>\n<p> Hugo Alfv\u00e9n: Symphonies 1\u20135. Swedish Rhapsodies. Royal Stockholm Philharmonic Orchestra. Leitung: Neeme J\u00e4rvi (Brilliant Classics 8974; Kassette mit 5 CDs)<\/span><\/p>\n","protected":false},"excerpt":{"rendered":"<p>20.07.2009 &#8212; Eigenwilliger Mann, seltsames Schicksal: Alb\u00e9ric Magnard, geboren 1865 wie Jean Sibelius und Paul Dukas, am gleichen Tag wie&#8230;<\/p>\n","protected":false},"author":1,"featured_media":0,"comment_status":"open","ping_status":"open","sticky":false,"template":"","format":"standard","meta":{"footnotes":""},"categories":[13],"tags":[],"class_list":["post-1036","post","type-post","status-publish","format-standard","hentry","category-tontraeger-besprechungen","entry"],"_links":{"self":[{"href":"https:\/\/codexflores.ch\/index.php\/wp-json\/wp\/v2\/posts\/1036","targetHints":{"allow":["GET"]}}],"collection":[{"href":"https:\/\/codexflores.ch\/index.php\/wp-json\/wp\/v2\/posts"}],"about":[{"href":"https:\/\/codexflores.ch\/index.php\/wp-json\/wp\/v2\/types\/post"}],"author":[{"embeddable":true,"href":"https:\/\/codexflores.ch\/index.php\/wp-json\/wp\/v2\/users\/1"}],"replies":[{"embeddable":true,"href":"https:\/\/codexflores.ch\/index.php\/wp-json\/wp\/v2\/comments?post=1036"}],"version-history":[{"count":0,"href":"https:\/\/codexflores.ch\/index.php\/wp-json\/wp\/v2\/posts\/1036\/revisions"}],"wp:attachment":[{"href":"https:\/\/codexflores.ch\/index.php\/wp-json\/wp\/v2\/media?parent=1036"}],"wp:term":[{"taxonomy":"category","embeddable":true,"href":"https:\/\/codexflores.ch\/index.php\/wp-json\/wp\/v2\/categories?post=1036"},{"taxonomy":"post_tag","embeddable":true,"href":"https:\/\/codexflores.ch\/index.php\/wp-json\/wp\/v2\/tags?post=1036"}],"curies":[{"name":"wp","href":"https:\/\/api.w.org\/{rel}","templated":true}]}}