{"id":1037,"date":"2014-01-13T10:17:25","date_gmt":"2014-01-13T10:17:25","guid":{"rendered":"https:\/\/codexflores.ch\/index.php\/2014\/01\/13\/recollection-martina-jankova-singt-haydn\/"},"modified":"2014-01-13T10:17:25","modified_gmt":"2014-01-13T10:17:25","slug":"recollection-martina-jankova-singt-haydn","status":"publish","type":"post","link":"https:\/\/codexflores.ch\/index.php\/2014\/01\/13\/recollection-martina-jankova-singt-haydn\/","title":{"rendered":"Recollection: Martina Jankov\u00e1 singt Haydn"},"content":{"rendered":"<p><span class=\"txt-m-black\"><img decoding=\"async\" src=\"http:\/\/212.60.37.143\/bilder\/2009\/090727jankova.jpg\" border=\"0\" align=\"left\" \/>27.07.2009 &#8212; Papa Haydn sollte nur ja nicht untersch\u00e4tzt werden \u2013 diese Botschaft ist, dem Haydn-Jahr sei Dank, zur Zeit un\u00fcberh\u00f6rbar. Der Komponist in Diensten des F\u00fcrsten Esterhazy hat der Nachwelt ja auch nicht nur Quartette, Sinfonien und zwei \u00fcberragende Oratorien (\u00abVier Jahreszeiten\u00bb und \u00abSch\u00f6pfung\u00bb) hinterlassen. Auch seine Opern kommen wieder auf die Spielpl\u00e4ne (was einige Kritiker allerdings eher als nicht zwingend betrachten \u2013 die grosse weltliche B\u00fchnenform war des Lehrers Mozarts Sache nicht). Im kantablen Kleinen aber, im \u00fcbersichtlichen Genre-Tableau f\u00fchrte er, das zeigen die Neueinspielungen seiner Liederzyklen und Bearbeitungen deutlich, im historischen Niemandsland zwischen Empfindsamkeit und Biedermeier einen \u00fcberraschend subtilen und einfallsreich-liebensw\u00fcrdigen akustischen Pinsel. Da formt er aus Sch\u00e4ferst\u00fcndchen und -idyllen feinsinnige Kleinode, ja er malt \u2013 etwa in der Vertonung von Gedichten der englischen Chirurgen-Gattin Anne Hunter \u2013 gar Stimmungen, die auf die schubertschen Sehnsuchtszyklen vorauszuweisen scheinen.<\/p>\n<p> Vor dreissig Jahren hat die Sopranistin Elly Ameling zusammen mit dem Pianisten J\u00fcrg Demus f\u00fcr das Label Pentatone s\u00e4mtliche Haydn-Lieder eingespielt, mit Blick auf den 200. Todestag des Komponisten wird die Kollektion neu auf den Markt gebracht. Aber auch das fr\u00fchere Ostblock-Label Supraphon wagt es, im Haydn-Jahr f\u00fcr das Liedschaffen des Ureurop\u00e4ers eine Lanze zu brechen. Es kann sich dabei auf die Kunst einer S\u00e4ngerin st\u00fctzen, die sich als Haydn-Interpretin mittlerweile einen hervorragenden Ruf geschaffen hat: die am Opernhaus Z\u00fcrich t\u00e4tige tschechische Sopranistin Martina Jankov\u00e1. (Ein H\u00f6hepunkt steht ihrer Haydn-Karriere noch bevor: Im November 2009 wird sie an der Seite von Juliane Banse und Werner G\u00fcra unter der Stabf\u00fchrung von Nikolaus Harnoncourt mit dem Concentus Musicus Wien im Wiener Musikvereins-Saal in einer Wiedergabe von Haydns Oper \u00abL\u00b4infedelt\u00e0 delusa\u00bb eine der Hauptrollen einnehmen.)<\/p>\n<p> Die Supraphon-CD versammelt neben den beiden B\u00e4nden englischer Canzonetten, die Haydn in der Zeit zweier Englandreisen verfasst hat, Bearbeitungen schottischer und walisischer Volkslieder f\u00fcr Klavier, Violine (Gauthier Burgunder) und Cello (Gunta Abele). Sie spannt damit den Bogen zwischen den fr\u00fchen 1780er-Jahren, in denen die Lieder Haydns noch als blosser Klaviersatz ver\u00f6ffentlicht wurden und die S\u00e4ngerin ihren Part ganz selbstverst\u00e4ndlich aus der Oberstimme der rechten Hand herauszulesen hatte bis zu den rund 15 Jahre sp\u00e4ter ver\u00f6ffentlichten \u00abOriginal Canzonettas\u00bb, die sogar \u00fcber das Liedschaffen des Sch\u00fclers Mozart hinausweisen und teils dunkel-romantische Atmosph\u00e4ren schaffen.<\/p>\n<p> Mit einem kongenialen G\u00e9rard Wyss als Begleiter am Klavier versteht es Jankov\u00e1, die Haydn-Lieder zum Leben zu erwecken \u2013 mit schalkhaftem Humor und der verschw\u00f6rerischen Kunstfertigkeit der stets am Konversationswert der \u00absehr gew\u00f6hnlichen Geschichten\u00bb (einer der Liedtitel) nachbarschaftlichen Tratsches und Klatsches interessierten Erz\u00e4hlerin. Und nie verl\u00e4sst sie dabei das klassische Mass. Die Silberscheibe weckt hingegen die Neugier, ob diesen Tons\u00e4tzen mit dem Einsatz eines Hammerklaviers anstelle des modernen Konzertfl\u00fcgels nicht sogar noch mehr an klanglicher Rafinesse, Individualit\u00e4t und Intimit\u00e4t entlockt werden k\u00f6nnte.<\/span> <span class=\"txt-m-black\">(<em>wb<\/em>)<\/span><\/p>\n<p><\/p>\n<p> <center> <\/p>\n<table style=\"width: 430px;\" summary=\"linie\" border=\"0\" cellspacing=\"0\" cellpadding=\"0\">\n<tbody>\n<tr>\n<td colspan=\"9\" bgcolor=\"#666666\" height=\"1\"><img loading=\"lazy\" decoding=\"async\" src=\"http:\/\/212.60.37.143\/grafiken\/dbrown1x1.gif\" border=\"0\" width=\"1\" height=\"1\" \/><\/td>\n<\/tr>\n<\/tbody>\n<\/table>\n<p> <\/center> <\/p>\n<p><span class=\"txt-s-black\">Recollection. Haydn Songs. Martina Janvok\u00e1 (Sopran), G\u00e9rard Wyss (Klavier). Englische Canzonetten, Deutsche Lieder und Bearbeitungen schottischer und walisischer Volkslieder. Aufgenommen im Januar 2009 im Radiostudio Z\u00fcrich. Supraphon SU 4005-2. <\/span><\/p>\n","protected":false},"excerpt":{"rendered":"<p>27.07.2009 &#8212; Papa Haydn sollte nur ja nicht untersch\u00e4tzt werden \u2013 diese Botschaft ist, dem Haydn-Jahr sei Dank, zur Zeit&#8230;<\/p>\n","protected":false},"author":1,"featured_media":0,"comment_status":"open","ping_status":"open","sticky":false,"template":"","format":"standard","meta":{"footnotes":""},"categories":[13],"tags":[],"class_list":["post-1037","post","type-post","status-publish","format-standard","hentry","category-tontraeger-besprechungen","entry"],"_links":{"self":[{"href":"https:\/\/codexflores.ch\/index.php\/wp-json\/wp\/v2\/posts\/1037","targetHints":{"allow":["GET"]}}],"collection":[{"href":"https:\/\/codexflores.ch\/index.php\/wp-json\/wp\/v2\/posts"}],"about":[{"href":"https:\/\/codexflores.ch\/index.php\/wp-json\/wp\/v2\/types\/post"}],"author":[{"embeddable":true,"href":"https:\/\/codexflores.ch\/index.php\/wp-json\/wp\/v2\/users\/1"}],"replies":[{"embeddable":true,"href":"https:\/\/codexflores.ch\/index.php\/wp-json\/wp\/v2\/comments?post=1037"}],"version-history":[{"count":0,"href":"https:\/\/codexflores.ch\/index.php\/wp-json\/wp\/v2\/posts\/1037\/revisions"}],"wp:attachment":[{"href":"https:\/\/codexflores.ch\/index.php\/wp-json\/wp\/v2\/media?parent=1037"}],"wp:term":[{"taxonomy":"category","embeddable":true,"href":"https:\/\/codexflores.ch\/index.php\/wp-json\/wp\/v2\/categories?post=1037"},{"taxonomy":"post_tag","embeddable":true,"href":"https:\/\/codexflores.ch\/index.php\/wp-json\/wp\/v2\/tags?post=1037"}],"curies":[{"name":"wp","href":"https:\/\/api.w.org\/{rel}","templated":true}]}}