{"id":1038,"date":"2014-01-13T10:17:53","date_gmt":"2014-01-13T10:17:53","guid":{"rendered":"https:\/\/codexflores.ch\/index.php\/2014\/01\/13\/streichtrios-von-klein-villa-lobos-und-schoenberg\/"},"modified":"2014-01-13T10:17:53","modified_gmt":"2014-01-13T10:17:53","slug":"streichtrios-von-klein-villa-lobos-und-schoenberg","status":"publish","type":"post","link":"https:\/\/codexflores.ch\/index.php\/2014\/01\/13\/streichtrios-von-klein-villa-lobos-und-schoenberg\/","title":{"rendered":"Streichtrios von Klein, Villa-Lobos und Sch\u00f6nberg"},"content":{"rendered":"<p><span class=\"txt-m-black\"><img decoding=\"async\" src=\"http:\/\/212.60.37.143\/bilder\/2009\/090914thibaud.jpg\" border=\"0\" align=\"left\" \/>18.09.2009 &#8212; Drei Streichtrios aus der Zeit, als in Europa der Zweite Weltkrieg zu Ende ging, pr\u00e4sentiert das Berliner Jacques Thibaud Trio. Ganz direkt auf das Ereignis verweist das Werk des Alois-H\u00e1ba-Sch\u00fclers Gideon Klein: Es ist im gef\u00fcrchteten K\u00fcnstler-Konzentrationslager Theresienstadt entstanden \u2013 es handelt sich um die letzte Komposition des zur Zeit seiner Entstehung gerade Mal 26 Jahre z\u00e4hlenden Tonsch\u00f6pfers. Neun Tage nach der Beendigung der Arbeit wurde Klein nach Ausschwitz deportiert. Die Partitur des Trios fand dank seiner Freundin Irma Semeck\u00e1 den Weg in die H\u00e4nde seiner Schwester. Das dreis\u00e4tzige, rund zw\u00f6lfmin\u00fctige Trio ist eine echte Entdeckung. Klein verarbeitet tschechische Volksmelodien, und dies mit einem beinahe \u00fcberbordenden Einfallsreichtum. Die Motorik der Folklore belebt er mit einer Vielfalt an klanglichen Valeurs und feiner Detailarbeit, welche die satztechnisch begrenzten M\u00f6glichkeiten der Trio-Besetzung voll auszusch\u00f6pfen verm\u00f6gen. Das Trio endet in einem recht roh anmutenden Schlusssatz. Ob Klein geahnt hat, dass ihm nur wenig Zeit bleibt?<\/p>\n<p> Hoher Einfallsreichtum findet sich auch in Heitor Villa-Lobos Streichtrio aus dem Jahr 1945, das zu den kriegerischen Ereignissen in Europa keinen Bezug hat, allerdings auch sonst \u2013 wie nicht wenige Instrumentalwerke des brasilianischen Nationalkomponisten aus dieser Zeit \u2013 wenig konzisen Formwillen zeigt. Zahlreiche h\u00fcbsche klangliche, rhythmische und melodische Einf\u00e4lle sind da aneinandergereiht, ohne dass sie wirklich ein schl\u00fcssiges Ganzes ergeben w\u00fcrden.<\/p>\n<p> Interessanterweise zeigt sich der Kriegsvertriebene Arnold Sch\u00f6nberg mit seinem Streichtrio op. 45 aus dem Jahr 1946 zumindest in dieser Hinsicht als Geistesverwandter des ihm sonst g\u00e4nzlich fermden S\u00fcdamerikaners. Das Gelegenheitswerk, mit dem der Erfinder der Zw\u00f6lftonmusik das Erlebnis eines lebensbedrohlichen Herzstillstands verarbeitet hat, ist auf ganz \u00e4hnliche Weise als Aneinanderreihung doppelb\u00f6diger, hoch expressiver Passagen zu verstehen \u2013 untypisch f\u00fcr den sonst so strengen und distanzierten Tonsatz des \u00abkonservativen Revolution\u00e4rs\u00bb. Selbst Wiederholungen, ein von Sch\u00f6nberg sonst schon fast polemisch vermiedenes Formmittel, finden sich da als strukturbildendes Element.<\/p>\n<p> Dass das Jacques Thibaud Trio Berlin die Streichtrio-Literatur nicht f\u00fcr launische Gelegenheits-Ausfl\u00fcge in die Welten einer Zufalls- oder Verlegenheitsbesetzung betrachtet, sondern sich den Werken mit hohem Ernst und gestalterischem Willen annimmt, hat es bereits mit fr\u00fcherem Einspielungen bewiesen, etwa der Aufnahme von Heinrich von Herzogenbergs op.27 (siehe <a href=\"http:\/\/212.60.37.143\/rezensionen_ind2.php?art=386\">Rezension<\/a>). Auch der hier auf Silberscheiben gebrannten Werke nimmt es sich mit feinem Gesp\u00fcr f\u00fcr Klangvaleurs, Expressivit\u00e4t und transparente Kontrapunktik an. <\/span> <span class=\"txt-m-black\">(<em>cf<\/em>)<\/span><\/p>\n<p><\/p>\n<p> <center> <\/p>\n<table style=\"width: 430px;\" summary=\"linie\" border=\"0\" cellspacing=\"0\" cellpadding=\"0\">\n<tbody>\n<tr>\n<td colspan=\"9\" bgcolor=\"#666666\" height=\"1\"><img loading=\"lazy\" decoding=\"async\" src=\"http:\/\/212.60.37.143\/grafiken\/dbrown1x1.gif\" border=\"0\" width=\"1\" height=\"1\" \/><\/td>\n<\/tr>\n<\/tbody>\n<\/table>\n<p> <\/center> <\/p>\n<p><span class=\"txt-s-black\">Jacques Thibaud Trio Berlin: <em>Musik bei Kriegsende (1944-46)<\/em>, Gideon Klein: Streichtrio (1944), Heitor Villa-Lobos: Streichtrio (1945), Arnold Sch\u00f6nberg: Streichtrio op.45 (1946). Aufnahme aus dem Radio Bremen Sendesaal, 24.-26. April 2007. Sophia classics, SC 17081. Bezugsnachweis: <a href=\"http:\/\/www.sophiaclassics.de\" target=\"blank\" rel=\"noopener noreferrer\">www.sophiaclassics.de<\/a> <\/span><\/p>\n","protected":false},"excerpt":{"rendered":"<p>18.09.2009 &#8212; Drei Streichtrios aus der Zeit, als in Europa der Zweite Weltkrieg zu Ende ging, pr\u00e4sentiert das Berliner Jacques&#8230;<\/p>\n","protected":false},"author":1,"featured_media":0,"comment_status":"open","ping_status":"open","sticky":false,"template":"","format":"standard","meta":{"footnotes":""},"categories":[13],"tags":[],"class_list":["post-1038","post","type-post","status-publish","format-standard","hentry","category-tontraeger-besprechungen","entry"],"_links":{"self":[{"href":"https:\/\/codexflores.ch\/index.php\/wp-json\/wp\/v2\/posts\/1038","targetHints":{"allow":["GET"]}}],"collection":[{"href":"https:\/\/codexflores.ch\/index.php\/wp-json\/wp\/v2\/posts"}],"about":[{"href":"https:\/\/codexflores.ch\/index.php\/wp-json\/wp\/v2\/types\/post"}],"author":[{"embeddable":true,"href":"https:\/\/codexflores.ch\/index.php\/wp-json\/wp\/v2\/users\/1"}],"replies":[{"embeddable":true,"href":"https:\/\/codexflores.ch\/index.php\/wp-json\/wp\/v2\/comments?post=1038"}],"version-history":[{"count":0,"href":"https:\/\/codexflores.ch\/index.php\/wp-json\/wp\/v2\/posts\/1038\/revisions"}],"wp:attachment":[{"href":"https:\/\/codexflores.ch\/index.php\/wp-json\/wp\/v2\/media?parent=1038"}],"wp:term":[{"taxonomy":"category","embeddable":true,"href":"https:\/\/codexflores.ch\/index.php\/wp-json\/wp\/v2\/categories?post=1038"},{"taxonomy":"post_tag","embeddable":true,"href":"https:\/\/codexflores.ch\/index.php\/wp-json\/wp\/v2\/tags?post=1038"}],"curies":[{"name":"wp","href":"https:\/\/api.w.org\/{rel}","templated":true}]}}