{"id":1046,"date":"2014-01-13T10:21:58","date_gmt":"2014-01-13T10:21:58","guid":{"rendered":"https:\/\/codexflores.ch\/index.php\/2014\/01\/13\/jonas-kaufmann-singt-die-schoene-muellerin\/"},"modified":"2014-01-13T10:21:58","modified_gmt":"2014-01-13T10:21:58","slug":"jonas-kaufmann-singt-die-schoene-muellerin","status":"publish","type":"post","link":"https:\/\/codexflores.ch\/index.php\/2014\/01\/13\/jonas-kaufmann-singt-die-schoene-muellerin\/","title":{"rendered":"Jonas Kaufmann singt \u00abDie Sch\u00f6ne M\u00fcllerin\u00bb"},"content":{"rendered":"<p><span class=\"txt-m-black\"><img decoding=\"async\" src=\"http:\/\/212.60.37.143\/bilder\/2009\/091230muellerin.jpg\" border=\"0\" align=\"left\" \/>30.12.2009 &#8212; In einer Zeit, in der sich andere popul\u00e4re Ten\u00f6re mit Verdi, Puccini, Konzeptalben wie \u00abBad Boys\u00bb (Bryn Terfel) oder Crossover besch\u00e4ftigen, sch\u00e4rft Jonas Kaufmann sein Profil als <em>deutscher<\/em> Tenor. Einem Album mit dem Titel \u00abSehnsucht\u00bb und deutschem Liedgut aus Klassik und Romantik schiebt er nun eine Live-Aufnahme von Schuberts \u00abDie Sch\u00f6ne M\u00fcllerin\u00bb aus dem Max-Joseph-Saal in M\u00fcnchen vom 30. Juli 2009 nach. Begleitet wird er dabei \u2013 nomen est omen \u2013 von seinem fr\u00fcheren Lehrer Helmut Deutsch. Zum Zuge kommt dabei ein moderner Konzertfl\u00fcgel. Die Distanz zur historisch-kritischen Musizierweise scheint einerseits im Trend zu liegen, andererseits kommt sie der Tatsache entgegen, dass Kaufmann nicht durch und durch Lieds\u00e4nger ist, sondern eine grosse, weitragende, eher opernhafte Stimme hat und sonst ja auch vor allem auf den Opernb\u00fchnen Karriere macht.<\/p>\n<p> Br\u00fcchigkeit, Transparenz, Intimit\u00e4t, Schlichtheit, feine Differenzierung im expressiven Detail \u2013 die angeblich typisch deutschen Merkmale der Liedkunst machen nicht die St\u00e4rken dieser Einspielung auf. Kaufmann geht den Zyklus eher pauschal an \u2013 sicher auch ein Merkmal der Liveinspielung, die haush\u00e4lterische Kr\u00e4fte und den grossen Atem der Gestaltung erfordert. M\u00f6glich, dass auch die Akustik des Raumes bei der Wahl der Gestaltungsmittel eine Rolle gespielt haben mag. Sie scheint f\u00fcr einen Liedvortrag nicht unbedingt ideal gewesen zu sein, in der Nachbearbeitung wirkt das Klavier eher dumpf und dunkel, S\u00e4nger und Pianist meiden akzentuierte Dynamikunterschiede m\u00f6glicherweise auch, weil sie im Saal gar keine Wirkung gezeigt h\u00e4tten.<\/p>\n<p> Dennoch wird man von Kaufmann nach dem eher harmlos anmutenden Beginn mehr und mehr in den Sog der Erz\u00e4hlung hineingezogen. Den dunklen, depressiven Schluss gestaltet der Tenor in einem fast verstummenden \u00abDes Baches Wiegenlied\u00bb mit dem Mut zu Reduktion, der die Stimme ihrer zu Beginn exponierten Strahlkraft g\u00e4nzlich entkleidet. <\/span> <span class=\"txt-m-black\">(<em>wb<\/em>)<\/span><\/p>\n<p><\/p>\n<p> <center> <\/p>\n<table style=\"width: 430px;\" summary=\"linie\" border=\"0\" cellspacing=\"0\" cellpadding=\"0\">\n<tbody>\n<tr>\n<td colspan=\"9\" bgcolor=\"#666666\" height=\"1\"><img loading=\"lazy\" decoding=\"async\" src=\"http:\/\/212.60.37.143\/grafiken\/dbrown1x1.gif\" border=\"0\" width=\"1\" height=\"1\" \/><\/td>\n<\/tr>\n<\/tbody>\n<\/table>\n<p> <\/center> <\/p>\n<p><span class=\"txt-s-black\">Schubert: Die Sch\u00f6ne M\u00fcllerin, Jonas Kaufmann (Tenor), Helmut Deutsch (Klavier), Decca, 2009. <br \/> siehe auch: <a href=\"http:\/\/212.60.37.143\/popular.php?art=79\">Kaufmann und die deutsche Romantik<\/a><\/span><\/p>\n","protected":false},"excerpt":{"rendered":"<p>30.12.2009 &#8212; In einer Zeit, in der sich andere popul\u00e4re Ten\u00f6re mit Verdi, Puccini, Konzeptalben wie \u00abBad Boys\u00bb (Bryn Terfel)&#8230;<\/p>\n","protected":false},"author":1,"featured_media":0,"comment_status":"open","ping_status":"open","sticky":false,"template":"","format":"standard","meta":{"footnotes":""},"categories":[13],"tags":[],"class_list":["post-1046","post","type-post","status-publish","format-standard","hentry","category-tontraeger-besprechungen","entry"],"_links":{"self":[{"href":"https:\/\/codexflores.ch\/index.php\/wp-json\/wp\/v2\/posts\/1046","targetHints":{"allow":["GET"]}}],"collection":[{"href":"https:\/\/codexflores.ch\/index.php\/wp-json\/wp\/v2\/posts"}],"about":[{"href":"https:\/\/codexflores.ch\/index.php\/wp-json\/wp\/v2\/types\/post"}],"author":[{"embeddable":true,"href":"https:\/\/codexflores.ch\/index.php\/wp-json\/wp\/v2\/users\/1"}],"replies":[{"embeddable":true,"href":"https:\/\/codexflores.ch\/index.php\/wp-json\/wp\/v2\/comments?post=1046"}],"version-history":[{"count":0,"href":"https:\/\/codexflores.ch\/index.php\/wp-json\/wp\/v2\/posts\/1046\/revisions"}],"wp:attachment":[{"href":"https:\/\/codexflores.ch\/index.php\/wp-json\/wp\/v2\/media?parent=1046"}],"wp:term":[{"taxonomy":"category","embeddable":true,"href":"https:\/\/codexflores.ch\/index.php\/wp-json\/wp\/v2\/categories?post=1046"},{"taxonomy":"post_tag","embeddable":true,"href":"https:\/\/codexflores.ch\/index.php\/wp-json\/wp\/v2\/tags?post=1046"}],"curies":[{"name":"wp","href":"https:\/\/api.w.org\/{rel}","templated":true}]}}