{"id":1061,"date":"2014-01-13T10:59:22","date_gmt":"2014-01-13T10:59:22","guid":{"rendered":"https:\/\/codexflores.ch\/index.php\/2014\/01\/13\/henri-demarquette-par-la-chute-d-adam\/"},"modified":"2014-01-13T10:59:22","modified_gmt":"2014-01-13T10:59:22","slug":"henri-demarquette-par-la-chute-d-adam","status":"publish","type":"post","link":"https:\/\/codexflores.ch\/index.php\/2014\/01\/13\/henri-demarquette-par-la-chute-d-adam\/","title":{"rendered":"Henri Demarquette: Par La Chute D\u00b4Adam"},"content":{"rendered":"<p><span class=\"txt-m-black\"><img decoding=\"async\" src=\"http:\/\/212.60.37.143\/bilder\/2010\/100719greif.jpg\" border=\"0\" align=\"left\" \/>26.07.2010 &#8212; Es gibt CD-Cover, die versperren den Weg zur Musik, die vermittelt werden soll. Dasjenige der Produktion mit zwei Werken des 2000 verstorbenen Komponisten Olivier Greif ist so eines. Das eitel angehauchte Nullachtf\u00fcnfzehn-K\u00fcnstlerportr\u00e4t des Cellisten Henri Demarquette besch\u00e4digt den H\u00f6reindruck und f\u00fchrt auch mit Blick auf die Kreativit\u00e4t und Originalit\u00e4t des Interpreten in die Irre. Greifs k\u00fcnstlerisches Profil ist n\u00e4mlich durchaus interessant. Der Sohn eines polnischen Ausschwitz-\u00dcberlebenden (aus \u00abeiner namenlosen Gegend Mitteleuropas, in der sich Minderheiten und Kulturen vermengten\u00bb, wie sie Greif selber etwas ironisch charakterisierte) setzte sich immer wieder mit dem Thema des Holocausts auseinander \u2013 in einer Tonsprache, die an die tonal-expressiven Idiome eines Britten oder Schostakowitsch angelehnt ist. Aber auch eine Begegnung mit Luciano Berio in New York hat den Komponisten stark beeinflusst. <\/p>\n<p> Sein 1999 von Henri Demarquette uraufgef\u00fchrtes Cellokonzert \u00abDurch Adams Fall\u00bb (es ist dem Solisten auch gewidmet) ist in knapp einem Monat auf Papier gebracht worden; es wirkt zugleich erdenschwer und melodi\u00f6s-fiebrig. Demarquette entdeckt darin \u00abrepetitive Wildheit, bewegungslose Bewegungen und ein paar harmonische Freuden, die sich der Tonalit\u00e4t schuldig bekennen.\u00bb Der Titel geht auf einen Choral von Sweelinck zur\u00fcck, dessen Harmonien im vierten Satz des Konzertes denn auch zitiert werden. Begleitet wird der Cellist vom Orchestre National de France unter der Leitung von Jean-Claude Casadesus.<\/p>\n<p> \u00abZitate\u00bb ist ein entscheidendes Stichwort. Die Musik Greifs scheint n\u00e4mlich durchaus ein Kind der franz\u00f6sischen Postmoderne. Die Cellosonate \u00abSonate de Requiem\u00bb, das zweiten Werk auf der CD (mit Giovanni Bellucci am Klavier) macht wie das Konzert und noch in weit st\u00e4rkerem Masse Eindruck eines Patchworkes aus Stilelementen, Ausdrucksebenen und Anlehnungen. Glaubt man in \u00abDurch Adams Fall\u00bb noch Strawinsky-Zitate und die Musik des Chassonniers Joe Dassin durchschimmern zu h\u00f6ren, macht die Sonate den teils disparaten, aber durchaus auch gelungenen Eindruck eines wilden Stilmixes. <\/p>\n<p> Die Sonate ist 1992 entstanden, das Konzert einige Monate vor Greifs Tod. Eine Greif gewidmete Webseite vermerkt, der Komponist sei am 13. Mai 2000 unvemittelt verstorben. Eine Autopsie habe keine Klarheit \u00fcber den Grund seines Ablebens geben k\u00f6nnen. <\/span> <span class=\"txt-m-black\">(<em>wb<\/em>)<\/span><\/p>\n<p><\/p>\n<p> <center> <\/p>\n<table style=\"width: 430px;\" summary=\"linie\" border=\"0\" cellspacing=\"0\" cellpadding=\"0\">\n<tbody>\n<tr>\n<td colspan=\"9\" bgcolor=\"#666666\" height=\"1\"><img loading=\"lazy\" decoding=\"async\" src=\"http:\/\/212.60.37.143\/grafiken\/dbrown1x1.gif\" border=\"0\" width=\"1\" height=\"1\" \/><\/td>\n<\/tr>\n<\/tbody>\n<\/table>\n<p> <\/center> <\/p>\n<p><span class=\"txt-s-black\">Henri Demarquette (Cello): Par La Chute D&#8217;Adam, Sonate de Requiem. Werke von Olivier Greif, Orchestre National De France, Jean-Claude Casadesus (Leitung), Giovanni Bellucci (Klavier), Universal 480 3761. <\/span><\/p>\n","protected":false},"excerpt":{"rendered":"<p>26.07.2010 &#8212; Es gibt CD-Cover, die versperren den Weg zur Musik, die vermittelt werden soll. Dasjenige der Produktion mit zwei&#8230;<\/p>\n","protected":false},"author":1,"featured_media":0,"comment_status":"open","ping_status":"open","sticky":false,"template":"","format":"standard","meta":{"footnotes":""},"categories":[13],"tags":[],"class_list":["post-1061","post","type-post","status-publish","format-standard","hentry","category-tontraeger-besprechungen","entry"],"_links":{"self":[{"href":"https:\/\/codexflores.ch\/index.php\/wp-json\/wp\/v2\/posts\/1061","targetHints":{"allow":["GET"]}}],"collection":[{"href":"https:\/\/codexflores.ch\/index.php\/wp-json\/wp\/v2\/posts"}],"about":[{"href":"https:\/\/codexflores.ch\/index.php\/wp-json\/wp\/v2\/types\/post"}],"author":[{"embeddable":true,"href":"https:\/\/codexflores.ch\/index.php\/wp-json\/wp\/v2\/users\/1"}],"replies":[{"embeddable":true,"href":"https:\/\/codexflores.ch\/index.php\/wp-json\/wp\/v2\/comments?post=1061"}],"version-history":[{"count":0,"href":"https:\/\/codexflores.ch\/index.php\/wp-json\/wp\/v2\/posts\/1061\/revisions"}],"wp:attachment":[{"href":"https:\/\/codexflores.ch\/index.php\/wp-json\/wp\/v2\/media?parent=1061"}],"wp:term":[{"taxonomy":"category","embeddable":true,"href":"https:\/\/codexflores.ch\/index.php\/wp-json\/wp\/v2\/categories?post=1061"},{"taxonomy":"post_tag","embeddable":true,"href":"https:\/\/codexflores.ch\/index.php\/wp-json\/wp\/v2\/tags?post=1061"}],"curies":[{"name":"wp","href":"https:\/\/api.w.org\/{rel}","templated":true}]}}