{"id":1062,"date":"2014-01-13T10:59:51","date_gmt":"2014-01-13T10:59:51","guid":{"rendered":"https:\/\/codexflores.ch\/index.php\/2014\/01\/13\/hans-erich-apostel-und-das-streichquartett\/"},"modified":"2014-01-13T10:59:51","modified_gmt":"2014-01-13T10:59:51","slug":"hans-erich-apostel-und-das-streichquartett","status":"publish","type":"post","link":"https:\/\/codexflores.ch\/index.php\/2014\/01\/13\/hans-erich-apostel-und-das-streichquartett\/","title":{"rendered":"Hans Erich Apostel und das Streichquartett"},"content":{"rendered":"<p><span class=\"txt-m-black\"> <img decoding=\"async\" src=\"http:\/\/212.60.37.143\/bilder\/2010\/apostel10710.jpg\" border=\"0\" align=\"left\" \/>18.08.2010 &#8212; Nach dem \u00fcberzeugenden Start der Reihe \u00abK\u00fcnstler im Gespr\u00e4ch\u00bb mit Karl Amadeus Hartmann ruft das Label Cybele mit Volume 2 einen weitgehend Vergessenen in Erinnerung: Hans Erich Apostel (1901\u20131972). <\/p>\n<p> In Karlsruhe geboren und als Kapellmeister und Korrepetitor t\u00e4tig, siedelte er 1921 nach Wien \u00fcber, wo er bei Arnold Sch\u00f6nberg, anschliessend bei Alban Berg studierte. Seine Karriere als Dirigent, Pianist und Komponist brach ein, als die Nazis die Macht in \u00d6sterreich \u00fcbernommen hatten: Apostels Kompositionen wurden als \u00abentartet\u00bb gebrandmarkt. <\/p>\n<p> Wurzelten seine fr\u00fchen Werke in Sp\u00e4tromantik und Expressionismus (zu seinem Freundeskreis geh\u00f6rten Nolde, Kokoschka und Kubin), so \u00f6ffneten ihm Sch\u00f6nberg und Berg die M\u00f6glichkeiten der Dodekaphonie, die Apostel jedoch frei handhabte, dabei gr\u00f6sstm\u00f6gliche Konzentration in Verarbeitung und Ausdruck anstrebte. Nach dem Krieg pr\u00e4sidierte Apostel, der wiederholt geehrt und ausgezeichnet wurde, die \u00f6sterreichische Sektion der IGNM und gab als Lektor der Universal Edition u. a. Bergs Opern \u00abWozzeck\u00bb und \u00abLulu\u00bb heraus. <\/p>\n<p> Im ausf\u00fchrlichen, an Informationen und Beurteilungen reichen Gespr\u00e4ch, das Mirjam Wiesemann mit Prof. Rainer Bischof, dem Apostel-Sch\u00fcler und -Vertrauten, f\u00fchrte, werden Herkunft, Umfeld, Pers\u00f6nlichkeit und Schaffen Hans Erich Apostels differenziert dargestellt. Er selbst kommt zu Wort in einer ORF-Aufnahme aus dem Jahr 1968; kurz zu h\u00f6ren sind auch Elias Canetti und Fritz Wotruba. Zum gesprochenen Teil dieses Albums geh\u00f6rt im Weiteren die von Karl Schiske gehaltene Laudatio zu Apostels 50. Geburtstag. <\/p>\n<p> Angesichts des Dornr\u00f6schendaseins von Apostels Werk im heutigen Musikbetrieb sind die Einspielungen des DoelenKwartet nicht hoch genug zu sch\u00e4tzen. Die Interpreten aus Rotterdam widmen sich mit k\u00fcnstlerisch \u00fcberzeugendem Ergebnis dem \u0152uvre f\u00fcr Streichquartett (nach Apostels Worten \u00abdas Alpha und Omega des Komponierens\u00bb): den Quartetten op. 7 (1935), op. 26 (1956) und dem d-Moll-Quartett aus dem Jahr 1926, den Sechs Epigrammen op. 33 (1962) und den 18 Variationen \u00fcber ein eigenes Thema (1925). <\/p>\n<p> Ausser dem Streichquartett op. 7 (durch das LaSalle-Quartett 1982 aufgenommen, aber seit langem vergriffen) handelt es sich bei den anderen Kompositionen um Ersteinspielungen \u2013 die Manuskripte der zwei Werke aus den Zwanzigerjahren liegen noch nicht im Druck vor. <\/p>\n<p> Die Reichhaltigkeit der drei CDs findet ihre Entsprechung im 71-seitigen Booklet (deutsch, englisch) mit fundierten, von Fotodokumenten und Faksimiles begleiteten Beitr\u00e4gen. <\/span> <span class=\"txt-m-black\">(<em>ws<\/em>)<\/span><\/p>\n<p><\/p>\n<p> <center> <\/p>\n<table style=\"width: 430px;\" summary=\"linie\" border=\"0\" cellspacing=\"0\" cellpadding=\"0\">\n<tbody>\n<tr>\n<td colspan=\"9\" bgcolor=\"#666666\" height=\"1\"><img loading=\"lazy\" decoding=\"async\" src=\"http:\/\/212.60.37.143\/grafiken\/dbrown1x1.gif\" border=\"0\" width=\"1\" height=\"1\" \/><\/td>\n<\/tr>\n<\/tbody>\n<\/table>\n<p> <\/center> <\/p>\n<p><span class=\"txt-s-black\">Hans Erich Apostel und das Streichquartett. \u2013 Streichquartette op. 7 und op. 26; Streichquartett d-Moll (1926); Sechs Epigramme op. 33 und 18 Variationen \u00fcber ein eigenes Thema f\u00fcr Streichquartett. \u2013 Historische Sprachaufnahmen mit Hans Erich Apostel sowie Mirjam Wiesemann im Gespr\u00e4ch mit Rainer Bischof. \u2013 DoelenKwartet. (Cybele Records K\u00fcnstler im Gespr\u00e4ch Vol. 2; KiG 002; 3 SACDs Hybrid Multichannel in Klappalbum; 200\u2019) <br \/><\/span><\/p>\n","protected":false},"excerpt":{"rendered":"<p>18.08.2010 &#8212; Nach dem \u00fcberzeugenden Start der Reihe \u00abK\u00fcnstler im Gespr\u00e4ch\u00bb mit Karl Amadeus Hartmann ruft das Label Cybele mit&#8230;<\/p>\n","protected":false},"author":1,"featured_media":0,"comment_status":"open","ping_status":"open","sticky":false,"template":"","format":"standard","meta":{"footnotes":""},"categories":[13],"tags":[],"class_list":["post-1062","post","type-post","status-publish","format-standard","hentry","category-tontraeger-besprechungen","entry"],"_links":{"self":[{"href":"https:\/\/codexflores.ch\/index.php\/wp-json\/wp\/v2\/posts\/1062","targetHints":{"allow":["GET"]}}],"collection":[{"href":"https:\/\/codexflores.ch\/index.php\/wp-json\/wp\/v2\/posts"}],"about":[{"href":"https:\/\/codexflores.ch\/index.php\/wp-json\/wp\/v2\/types\/post"}],"author":[{"embeddable":true,"href":"https:\/\/codexflores.ch\/index.php\/wp-json\/wp\/v2\/users\/1"}],"replies":[{"embeddable":true,"href":"https:\/\/codexflores.ch\/index.php\/wp-json\/wp\/v2\/comments?post=1062"}],"version-history":[{"count":0,"href":"https:\/\/codexflores.ch\/index.php\/wp-json\/wp\/v2\/posts\/1062\/revisions"}],"wp:attachment":[{"href":"https:\/\/codexflores.ch\/index.php\/wp-json\/wp\/v2\/media?parent=1062"}],"wp:term":[{"taxonomy":"category","embeddable":true,"href":"https:\/\/codexflores.ch\/index.php\/wp-json\/wp\/v2\/categories?post=1062"},{"taxonomy":"post_tag","embeddable":true,"href":"https:\/\/codexflores.ch\/index.php\/wp-json\/wp\/v2\/tags?post=1062"}],"curies":[{"name":"wp","href":"https:\/\/api.w.org\/{rel}","templated":true}]}}