{"id":1065,"date":"2014-01-13T11:01:12","date_gmt":"2014-01-13T11:01:12","guid":{"rendered":"https:\/\/codexflores.ch\/index.php\/2014\/01\/13\/orffs-carmina-burana-mit-heimvorteil\/"},"modified":"2014-01-13T11:01:12","modified_gmt":"2014-01-13T11:01:12","slug":"orffs-carmina-burana-mit-heimvorteil","status":"publish","type":"post","link":"https:\/\/codexflores.ch\/index.php\/2014\/01\/13\/orffs-carmina-burana-mit-heimvorteil\/","title":{"rendered":"Orffs \u00abCarmina Burana\u00bb mit Heimvorteil"},"content":{"rendered":"<p><span class=\"txt-m-black\"><img decoding=\"async\" src=\"http:\/\/212.60.37.143\/bilder\/2010\/100909carmina.jpg\" border=\"0\" align=\"left\" \/>10.09.2010 &#8212; \u00abOlim lacus colueram\/ olim pulcher exstiteram\/ dum cignus ego fueram.\/ Miser, miser!\/ modo niger\/ et ustus fortiter!\u00bb (\u00abEinst schwamm ich auf den Seen, einst war ich sch\u00f6n, als ich ein Schwan war. Ich Armer, Ich Armer ! So schwarz und arg verbrannt!\u00bb) \u2013 k\u00f6nnte ja, dem Buch Nassim Talebs (\u00abDer schwarze Schwan: die Macht h\u00f6chst unwahrscheinlicher Ereignisse\u00bb) folgend, der Soundtrack zur Finanzkrise sein. Man kann es (oder die besungenen M\u00e4dchen) aber drehen und wenden wie man will: Im Grunde genommen geht\u2019s in Carl Orffs \u00abCarmina Burana\u00bb einfach um guten Sex.<\/p>\n<p> Etwas anderes l\u00e4sst sich aus dem leicht bizarren Text kaum herauslesen, und die impulsiv-motorische Musik unterstreicht ja auch eher die physischen Tatsachen, als dass sie sublimierte Erotik aufkommen liesse. Wenn die Scham abgetan ist, heisst ja da auch im Text, \u00abbeginnt ein unaussprechliches Spiel der Glieder, Arme, Lippen\u00bb. Da hat sich seit dem Mittelalter nicht wirklich viel ver\u00e4ndert.<\/p>\n<p> Weil Orffs \u00abCarmina Burana\u00bb so popul\u00e4r ist, ist sie auch oft eingespielt worden. Da braucht es schon ein paar gute Argumente f\u00fcr noch eine weitere Produktion. Das Symphonieorchester und der Chor des Bayerischen Rundfunks haben da einige. Zum einen sind sie ebenso wie der Komponist M\u00fcnchner Urgestein, zum andern musizieren sie zugleich authentisch und auf der H\u00f6he der Zeit. <\/p>\n<p> Die Live-Aufnahme vom April dieses Jahres aus der Philharmonie im Gasteig hat zugleich Schmiss und Pr\u00e4zision \u2013 und das alles in einem transparenten, bei allem Schwung schlanken Klangbild. Die Solisten Hans-Werner Bunz (Tenor) und Christian Gerhaher (Bariton) verf\u00fcgen \u00fcber das n\u00f6tige theatralische Talent, um den Benediktbeurer Liedern, die da vertont sind, gerecht zu werden.<\/p>\n<p> Die franz\u00f6sische Sopranistin Patricia Petibon wiederum hat dieses Jahr an den Salzburger Festspielen in der hocherotischen Rolle von Alban Bergs \u00abLulu\u00bb nicht rundum \u00fcberzeugt, hier scheint man ihren frechen Rotschopf in der Musik f\u00f6rmlich rauszuh\u00f6ren. <\/p>\n<p> Die \u00abCarmina Burana\u00bb ist aber zuallerst ein Chorwerk, und auch da bleiben die Interpreten der Partitur nichts schuldig. Neben dem Chor des Bayerischen Rundfunks, der mit dem Orchester naturgem\u00e4ss perfekt harmoniert, setzt der renommierte T\u00f6lzer Knabenchor Akzente. Der Dirigent Daniel Harding h\u00e4lt alles zusammen. Summa summarum eine beinahe amtlich anmutende Referenzaufnahme, an der k\u00fcnftig kaum vorbeizukommen ist. <\/span> <span class=\"txt-m-black\">(<em>wb<\/em>)<\/span><\/p>\n<p><\/p>\n<p> <center> <\/p>\n<table style=\"width: 430px;\" summary=\"linie\" border=\"0\" cellspacing=\"0\" cellpadding=\"0\">\n<tbody>\n<tr>\n<td colspan=\"9\" bgcolor=\"#666666\" height=\"1\"><img loading=\"lazy\" decoding=\"async\" src=\"http:\/\/212.60.37.143\/grafiken\/dbrown1x1.gif\" border=\"0\" width=\"1\" height=\"1\" \/><\/td>\n<\/tr>\n<\/tbody>\n<\/table>\n<p> <\/center> <\/p>\n<p><span class=\"txt-s-black\">Carl Orff: Carmina Burana. Patricia Petibon (Sopran), Hans-Werner Bunz (Tenor), Christian Gerhaher (Bariton), Chor &amp; Symphonieorchester des Bayerischen Rundfunks, T\u00f6lzer Knabenchor, Daniel Harding (Leitung). 1 CD oder Download, Spieldauer 61\u201915\u2019\u2019. Deutsche Grammophon\/Universal Best. 477 8778.<\/span><\/p>\n","protected":false},"excerpt":{"rendered":"<p>10.09.2010 &#8212; \u00abOlim lacus colueram\/ olim pulcher exstiteram\/ dum cignus ego fueram.\/ Miser, miser!\/ modo niger\/ et ustus fortiter!\u00bb (\u00abEinst&#8230;<\/p>\n","protected":false},"author":1,"featured_media":0,"comment_status":"open","ping_status":"open","sticky":false,"template":"","format":"standard","meta":{"footnotes":""},"categories":[13],"tags":[],"class_list":["post-1065","post","type-post","status-publish","format-standard","hentry","category-tontraeger-besprechungen","entry"],"_links":{"self":[{"href":"https:\/\/codexflores.ch\/index.php\/wp-json\/wp\/v2\/posts\/1065","targetHints":{"allow":["GET"]}}],"collection":[{"href":"https:\/\/codexflores.ch\/index.php\/wp-json\/wp\/v2\/posts"}],"about":[{"href":"https:\/\/codexflores.ch\/index.php\/wp-json\/wp\/v2\/types\/post"}],"author":[{"embeddable":true,"href":"https:\/\/codexflores.ch\/index.php\/wp-json\/wp\/v2\/users\/1"}],"replies":[{"embeddable":true,"href":"https:\/\/codexflores.ch\/index.php\/wp-json\/wp\/v2\/comments?post=1065"}],"version-history":[{"count":0,"href":"https:\/\/codexflores.ch\/index.php\/wp-json\/wp\/v2\/posts\/1065\/revisions"}],"wp:attachment":[{"href":"https:\/\/codexflores.ch\/index.php\/wp-json\/wp\/v2\/media?parent=1065"}],"wp:term":[{"taxonomy":"category","embeddable":true,"href":"https:\/\/codexflores.ch\/index.php\/wp-json\/wp\/v2\/categories?post=1065"},{"taxonomy":"post_tag","embeddable":true,"href":"https:\/\/codexflores.ch\/index.php\/wp-json\/wp\/v2\/tags?post=1065"}],"curies":[{"name":"wp","href":"https:\/\/api.w.org\/{rel}","templated":true}]}}