{"id":1070,"date":"2014-01-13T11:03:36","date_gmt":"2014-01-13T11:03:36","guid":{"rendered":"https:\/\/codexflores.ch\/index.php\/2014\/01\/13\/george-gruntz-matterhorn-matters\/"},"modified":"2014-01-13T11:03:36","modified_gmt":"2014-01-13T11:03:36","slug":"george-gruntz-matterhorn-matters","status":"publish","type":"post","link":"https:\/\/codexflores.ch\/index.php\/2014\/01\/13\/george-gruntz-matterhorn-matters\/","title":{"rendered":"George Gruntz: Matterhorn Matters"},"content":{"rendered":"<p><span class=\"txt-m-black\"><img decoding=\"async\" src=\"http:\/\/212.60.37.143\/bilder\/2010\/101220gruntz.jpg\" border=\"0\" align=\"left\" \/>22.12.2010 &#8212; Man glaubt, die brasilianischen Sanfoneiros (Akkordeonisten) Sivuca, Luis Gonzaga oder Dominguinhos seien einmal mehr gut drauf, und die Sonne des brasilianischen Nordostens brenne da h\u00f6llisch auf eine spielfreudige Banda. In Tat und Wahrheit geht hier bei der George Gruntz Concert Jazz Band am 10. April 2010 im vornehmen Luzerner KKL zum Konzert-Einstieg die Post ab.<\/p>\n<p> Verantwortlich daf\u00fcr ist der italienische Akkordeonist Luciano Biondini, respektive dessen <em>Choro Loco<\/em>. Die Gruntz-Band, eine der dienst\u00e4ltesten Jazz Big Bands der Welt, ist seit Jahr und Tag ungebrochen kosmopolitisch, frech, energiegeladen und pr\u00e4sent.<\/p>\n<p> Nur innovativ soll sie nicht sein, hat sich sein Gr\u00fcnder und Leader sagen lassen m\u00fcssen, und das schmerzt ihn. Die nationale Kulturstiftung Pro Helvetia hatte einen Beitrag an eine Russland-Tournee abgelehnt, weil sie kaum Schweizer Musiker in seiner Band auszumachen glaubte und zudem eben der Meinung war, er habe auf der Tournee keine neue musikalische Wege beschritten. <\/p>\n<p> Anfang dieses Jahres hat sich Gruntz anl\u00e4sslich eines Forums Musikalische Bildung in Baden mit un\u00fcberh\u00f6rbarer Bitterkeit dar\u00fcber beschwert, und auch das Booklet zu der CD kommt darauf zur\u00fcck: Pro Helvetia habe nur eine Komposition gef\u00f6rdert. Die heisst nun halt <em>Matterhorn Matters<\/em>, unter anderem eben, weil die \u00aboffensichtlich zuf\u00e4llige\u00bb staatliche Kulturf\u00f6rderung eine Beziehung zur Schweiz verlange, heisst es da. <\/p>\n<p> Vor Bundesgericht ist Gruntz mit einer Klage gegen den ablehnenden Entscheid abgeblitzt \u2013 weil Qualit\u00e4t und Innovationskraft nicht gerichtlich festgestellt werden k\u00f6nnten, meinten die Richter. Interessant daran ist, dass man aus dem Umfeld der Produzenten der CD h\u00f6rt, einigen Besuchern des KKL-Konzertes solle der Sound der Band denn doch zu modern gewesen sein.<\/p>\n<p> Die CD ist ein Glanzlicht der Schweizer Jazzproduktion in diesem Jahr: souver\u00e4n, virtuos, mit dem viertelst\u00fcndigen <em>Matterhorn Matters<\/em> als gewichtigstem Beitrag \u2013 und mit einem basslastigen Blues (<em>Scott and Howard<\/em>) zum Ausklang: Da steigen die H\u00f6rner, die z\u00e4hlen, auch noch in den akustischen Keller. Der Bariton-Saxophonist Scott Robinson zuerst, dann der Tubist Howard Johnson. So etwas muss einem auch zuerst einmal einfallen. <\/span> <span class=\"txt-m-black\">(<em>wb<\/em>)<\/span><\/p>\n<p><\/p>\n<p> <center> <\/p>\n<table style=\"width: 430px;\" summary=\"linie\" border=\"0\" cellspacing=\"0\" cellpadding=\"0\">\n<tbody>\n<tr>\n<td colspan=\"9\" bgcolor=\"#666666\" height=\"1\"><img loading=\"lazy\" decoding=\"async\" src=\"http:\/\/212.60.37.143\/grafiken\/dbrown1x1.gif\" border=\"0\" width=\"1\" height=\"1\" \/><\/td>\n<\/tr>\n<\/tbody>\n<\/table>\n<p> <\/center> <\/p>\n<p><span class=\"txt-s-black\">George Gruntz Concert Jazz Band: Matterhorn Matters, Choro Loco (Luciano Biondini); Artist&#8217;s Arteriology (George Gruntz); Matterhorn Matters (George Gruntz); His Master&#8217;s Choice (Franco Ambrosetti); My One and Only Love (Guy Wood\/Robert Mellin); Too High (Stevie Wonder); Scott and Howard (George Gruntz). Konzertaufnahme aus dem Konzertsaal\/KKL Luzern. Eine Koproduktion von Musiques Suisses und Schweizer Radio DRS. MGB CD Jazz 3.<br \/> Bezugsnachweis: <a href=\"http:\/\/www.musiques-suisses.ch\/shop\/mgb\/Jazz3.php?lang=d\" target=\"blank\" rel=\"noopener noreferrer\"> www.musiques-suisses.ch <\/a> <\/span><\/p>\n","protected":false},"excerpt":{"rendered":"<p>22.12.2010 &#8212; Man glaubt, die brasilianischen Sanfoneiros (Akkordeonisten) Sivuca, Luis Gonzaga oder Dominguinhos seien einmal mehr gut drauf, und die&#8230;<\/p>\n","protected":false},"author":1,"featured_media":0,"comment_status":"open","ping_status":"open","sticky":false,"template":"","format":"standard","meta":{"footnotes":""},"categories":[13],"tags":[],"class_list":["post-1070","post","type-post","status-publish","format-standard","hentry","category-tontraeger-besprechungen","entry"],"_links":{"self":[{"href":"https:\/\/codexflores.ch\/index.php\/wp-json\/wp\/v2\/posts\/1070","targetHints":{"allow":["GET"]}}],"collection":[{"href":"https:\/\/codexflores.ch\/index.php\/wp-json\/wp\/v2\/posts"}],"about":[{"href":"https:\/\/codexflores.ch\/index.php\/wp-json\/wp\/v2\/types\/post"}],"author":[{"embeddable":true,"href":"https:\/\/codexflores.ch\/index.php\/wp-json\/wp\/v2\/users\/1"}],"replies":[{"embeddable":true,"href":"https:\/\/codexflores.ch\/index.php\/wp-json\/wp\/v2\/comments?post=1070"}],"version-history":[{"count":0,"href":"https:\/\/codexflores.ch\/index.php\/wp-json\/wp\/v2\/posts\/1070\/revisions"}],"wp:attachment":[{"href":"https:\/\/codexflores.ch\/index.php\/wp-json\/wp\/v2\/media?parent=1070"}],"wp:term":[{"taxonomy":"category","embeddable":true,"href":"https:\/\/codexflores.ch\/index.php\/wp-json\/wp\/v2\/categories?post=1070"},{"taxonomy":"post_tag","embeddable":true,"href":"https:\/\/codexflores.ch\/index.php\/wp-json\/wp\/v2\/tags?post=1070"}],"curies":[{"name":"wp","href":"https:\/\/api.w.org\/{rel}","templated":true}]}}