{"id":1072,"date":"2014-01-13T11:04:33","date_gmt":"2014-01-13T11:04:33","guid":{"rendered":"https:\/\/codexflores.ch\/index.php\/2014\/01\/13\/grammont-portrait-ensemble-vocal-sequence\/"},"modified":"2014-01-13T11:04:33","modified_gmt":"2014-01-13T11:04:33","slug":"grammont-portrait-ensemble-vocal-sequence","status":"publish","type":"post","link":"https:\/\/codexflores.ch\/index.php\/2014\/01\/13\/grammont-portrait-ensemble-vocal-sequence\/","title":{"rendered":"Grammont Portrait: Ensemble vocal S\u00e9quence"},"content":{"rendered":"<p><span class=\"txt-m-black\"><img decoding=\"async\" src=\"http:\/\/212.60.37.143\/bilder\/2011\/110203grammont.jpg\" border=\"0\" align=\"left\" \/>08.02.2011 &#8212; Musiques Suisses leiht in der Reihe Grammont Portrait sein Ohr in Sachen Vokalmusik f\u00fcr einmal ganz der lateinischen Schweiz. Das Migros-Label pr\u00e4sentiert ein Vokalensemble, das sich jenseits des R\u00f6schtigrabens mit einem Engagement f\u00fcr zeitgen\u00f6ssische Werke einen Namen gemacht hat: Das Ensemble vocal S\u00e9quence wurde vor 18 Jahren in Genf vom Dirigenten Laurent Gay gegr\u00fcndet. Schnell ist es zu einem wichtigen Teil des Musiklebens rund um den Lac L\u00e9man geworden \u2013 und zur Advokatin f\u00fcr zeitgen\u00f6ssische Vokalmusik. Auf dieser CD pr\u00e4sentiert es \u00abVokalwerke des 21. Jahrhunderts\u00bb von Komponisten aus der Welschschweiz und dem Tessin. <\/p>\n<p> Sein Engagement f\u00fcr neue Musik dokumentiert das Ensemble mit Ersteinspielungen von Werken aus den Federn von Jean-S\u00e9lim Abdelmoula (*1991), Nicolas Bolens (*1963), Xavier Dayer (*1972) und des Tessiner Klarinettisten Sergio Menozzi (*1960). Letzterer steuert eine Transkription von Skrjabin-Klavierwerken f\u00fcr Vokalensemble und solistisch besetztes, das Bassregister betonendes Kammerorchester bei (Ensemble instrumental S\u00e9quence). Sie leistet nicht nur mit einer Dauer von rund einer halben Stunde den gewichtigsten Beitrag zum Album. Auch kompositorisch ist es das ambitionierteste St\u00fcck. <\/p>\n<p> Es beginnt mit einem veritablen Aufschrei und f\u00e4chert in der Folge in acht Nummern einen differenziert-poetischen, expressiven Klangkosmos auf, der die menschlichen Stimmen, die Streicher, ein Sopransaxophon, eine Bassklarinette, ein Horn und Perkussion in einem Gesamtklang verschmelzen l\u00e4sst. Die \u00fcber die Instrumentalmusik gelegten Texte stammen von russischen Dichtern aus der Zeit Skrjabins. <\/p>\n<p> \u00abMoments musicaux d\u2019apr\u00e9s Scriabin\u00bb geh\u00f6ren zu der Sorte neuer Werke, von denen man w\u00fcnschte, sie w\u00fcrden \u2013 vielleicht gar in der Deutschschweiz? \u2013 von andern Interpreten erneut aufgenommen, damit sie in einer Interpretationsgeschichte ihren ganzen Facettenreichtum entfalten k\u00f6nnen. <\/p>\n<p> Auch im Fluss der andern Werke findet man viel Originelles. In Abdelmoulas \u00abSonatine\u00bb, in der Solmisationssilben und andere Textfetzen bloss \u00abaus sprechtechnischen Gr\u00fcnden\u00bb und ohne Sinn-Inhalt verwendet werden, erweitern verbl\u00fcffende Spucklaute das Klangspektrum, Bolens \u00abOu le Myst\u00e8re pr\u00e9cipit\u00e9 hurl\u00e9\u00bb l\u00e4sst zum Einstieg Assoziationen an Stockhausens \u00abGesang der J\u00fcnglinge im Feuerofen\u00bb wach werden. Dayer (mit franz\u00f6sischer Muttersprache), der in der Deutschschweiz \u2013 an der Hochschule der K\u00fcnste (HKB) in Bern \u2013 Komposition und Musiktheorie unterrichtet, \u00fcberrascht mit kluger Ausdeutung englischsprachiger Sonette des portugiesischen Literaten Fernando Pessoa. <\/p>\n<p> Das Ensemble vocal S\u00e9quence pr\u00e4sentiert die Werke unter der Leitung seines Gr\u00fcnders stimmungsvoll, kundig und mit grossem Respekt gegen\u00fcber den noch druckfrischen Partituren. Einzelne h\u00f6here Partien scheinen nicht immer ganz intonationssicher und lassen manchmal etwas Geschmeidigkeit vermissen. Dem guten Gesamteindruck tut dies aber wenig Abbruch. <\/span> <span class=\"txt-m-black\">(<em>wb<\/em>)<\/span><\/p>\n<p><\/p>\n<p> <center> <\/p>\n<table style=\"width: 430px;\" summary=\"linie\" border=\"0\" cellspacing=\"0\" cellpadding=\"0\">\n<tbody>\n<tr>\n<td colspan=\"9\" bgcolor=\"#666666\" height=\"1\"><img loading=\"lazy\" decoding=\"async\" src=\"http:\/\/212.60.37.143\/grafiken\/dbrown1x1.gif\" border=\"0\" width=\"1\" height=\"1\" \/><\/td>\n<\/tr>\n<\/tbody>\n<\/table>\n<p> <\/center> <\/p>\n<p><span class=\"txt-s-black\">Ensemble vocal S\u00e9quence: Cr\u00e9ations vocales XXIe si\u00e8cle. Jean-S\u00e9lim Abdelmoula (*1991): Sonatine pour 8 voix; Nicolas Bolens (*1963): Ou le Myst\u00e8re pr\u00e9cipit\u00e9 hurl\u00e9 pour huit voix a capella, d&#8217;apr\u00e8s Un Coup de d\u00e9s de St\u00e9phane Mallarm\u00e9; Xavier Dayer (*1972): Sonnet XXI sur un po\u00e8me de Fernando Pessoa pour sextuor vocal; Sergio Menozzi (*1960): Moments musicaux d&#8217;apr\u00e8s Scriabine pour 8 voix et 10 instruments. Ensemble vocal S\u00e9quence; Ensemble instrumental S\u00e9quence; Direction: Laurent Gay. Grammont Portrait CD CTS-M 126. Bezugsnachweis: <a href=\"http:\/\/www.musiques-suisses.ch\/shop\/grammont_portrait\/126.php?lang=d\" target=\"blank\" rel=\"noopener noreferrer\"> www.musiques-suisses.ch <\/a><\/span><\/p>\n","protected":false},"excerpt":{"rendered":"<p>08.02.2011 &#8212; Musiques Suisses leiht in der Reihe Grammont Portrait sein Ohr in Sachen Vokalmusik f\u00fcr einmal ganz der lateinischen&#8230;<\/p>\n","protected":false},"author":1,"featured_media":0,"comment_status":"open","ping_status":"open","sticky":false,"template":"","format":"standard","meta":{"footnotes":""},"categories":[13],"tags":[],"class_list":["post-1072","post","type-post","status-publish","format-standard","hentry","category-tontraeger-besprechungen","entry"],"_links":{"self":[{"href":"https:\/\/codexflores.ch\/index.php\/wp-json\/wp\/v2\/posts\/1072","targetHints":{"allow":["GET"]}}],"collection":[{"href":"https:\/\/codexflores.ch\/index.php\/wp-json\/wp\/v2\/posts"}],"about":[{"href":"https:\/\/codexflores.ch\/index.php\/wp-json\/wp\/v2\/types\/post"}],"author":[{"embeddable":true,"href":"https:\/\/codexflores.ch\/index.php\/wp-json\/wp\/v2\/users\/1"}],"replies":[{"embeddable":true,"href":"https:\/\/codexflores.ch\/index.php\/wp-json\/wp\/v2\/comments?post=1072"}],"version-history":[{"count":0,"href":"https:\/\/codexflores.ch\/index.php\/wp-json\/wp\/v2\/posts\/1072\/revisions"}],"wp:attachment":[{"href":"https:\/\/codexflores.ch\/index.php\/wp-json\/wp\/v2\/media?parent=1072"}],"wp:term":[{"taxonomy":"category","embeddable":true,"href":"https:\/\/codexflores.ch\/index.php\/wp-json\/wp\/v2\/categories?post=1072"},{"taxonomy":"post_tag","embeddable":true,"href":"https:\/\/codexflores.ch\/index.php\/wp-json\/wp\/v2\/tags?post=1072"}],"curies":[{"name":"wp","href":"https:\/\/api.w.org\/{rel}","templated":true}]}}