{"id":1082,"date":"2014-01-13T11:18:37","date_gmt":"2014-01-13T11:18:37","guid":{"rendered":"https:\/\/codexflores.ch\/index.php\/2014\/01\/13\/martha-argerich-and-friends-lugano-201\/"},"modified":"2014-01-13T11:18:37","modified_gmt":"2014-01-13T11:18:37","slug":"martha-argerich-and-friends-lugano-201","status":"publish","type":"post","link":"https:\/\/codexflores.ch\/index.php\/2014\/01\/13\/martha-argerich-and-friends-lugano-201\/","title":{"rendered":"Martha Argerich and Friends \u2013 Lugano 201"},"content":{"rendered":"<p><span class=\"txt-m-black\"><img decoding=\"async\" src=\"http:\/\/212.60.37.143\/bilder\/2011\/argerich611.jpg\" border=\"0\" align=\"left\" \/>01.07.2011 &#8212; Seit langem verzichtet sie auf solistische Rezitals, zieht es vor, sich mit Orchestern, mit einem Kern bestandener Kollegen und handverlesenen profilierten Nachwuchsk\u00fcnstlern der Konzert-, der Duo-Klavier- und der Kammermusik zu widmen. <\/p>\n<p> Einen Glanzpunkt setzt die argentinische Pianistin dabei seit 2001 im Rahmen des sommerlichen Lugano Festival mit dem \u00abProgetto Martha Argerich\u00bb \u2013 in diesem Jahr findet es zum zehnten Mal statt; die k\u00fcnstlerische Leiterin ist \u2013 kaum zu glauben \u2013 vor kurzem 70 geworden. <\/p>\n<p> Einige H\u00f6hepunkte des Freundes-Festivals 2010 liegen nun in einem drei CDs umfassenden Album vor. Aus Anlass ihres 200. Geburtstags standen Chopin und Schumann im Zentrum; Duos, Quintette und Arrangements von bekannten und weniger popul\u00e4ren Komponisten bildeten einen weiteren Schwerpunkt. Omnipr\u00e4sent: das Klavier. <\/p>\n<p> Martha Argerich, wie eh und je technisch fulminant und von bezwingender emotionaler und intellektueller Intensit\u00e4t, ist zu erleben in Chopins 1. Klavierkonzert (mit dem Orchestra della Svizzera Italiana unter Jacek Kaspszyk), in \u00abLes Pr\u00e9ludes\u00bb, Liszts eigener Fassung seiner sinfonischen Dichtung f\u00fcr zwei Klaviere, mit Daniel Rivera, in Schumanns Adagio und Allegro op. 70 mit Gautier Capu\u00e7on (Cello) und in Bart\u00f3ks Sonate f\u00fcr zwei Klaviere und Schlagzeug mit Stephen Kovacevich und den Schlagzeugern Louis Sauv\u00eatre und Danilo Grassi. <\/p>\n<p> Die Besten der Besten um sich zu scharen, ist Martha Argerichs Devise, keine stromlinienf\u00f6rmig Angepasste, vielmehr Interpretinnen und Interpreten mit Ecken und Kanten, Musiker, die sich auf Neues, auf Risiken einlassen, sich wechselnd gruppieren. <\/p>\n<p> Musik f\u00fcr zwei und f\u00fcr drei Klaviere: Nicholas Angelich und Lily Maisky widmen sich Brahms\u2019 Variationen \u00fcber ein Thema von Robert Schumann op. 23, Gabriela Montero und Alexander Gurning stellen Percy Graingers \u00abFantasy on Porgy and Bess\u00bb von Gershwin vor, und Giorgio Tomassi, Carlo Maria Griguoli und Alessandro Stella bringen Griguolis exzellente Transkription von Strawinskys \u00abL\u2019oiseau de feu\u00bb-Suite zur Auff\u00fchrung. <\/p>\n<p> Drei im Konzertsaal selten erklingende Klavierquintette bereichern diese Festival-Sammlung. Erich Wolfgang Korngolds E-Dur-Quintett op. 15 (Alexander Mogilevsky, Klavier, Alissa Margulis und Lucia Hall, Violinen, Nora Romanoff-Schwarzberg, Viola, und Mark Drobinsky, Cello), das g-Moll-Quintett op. 49 von Enrique Granados (Gabriela Montero, Klavier, Alissa Margulis und Geza Hosszu-Legocky, Violinen, Lida Chen, Viola, Natalia Margulis, Cello) und Alfred Schnittkes Quartett op. 108 (Lilya Zilberstein, Klavier, Dora Schwarzberg und Lucia Hall, Violinen, Lida Chen, Viola, und Jorge Bosso, Cello). <\/p>\n<p> Der gestalterische Schwung, die stilistische Akkuratesse, die Perfektion und innere Koh\u00e4sion des Zusammenspiels jeder einzelnen dieser Interpretationen sind sp\u00fcrbar gest\u00fctzt durch die starke Spannung, unter der ad hoc formierte Ensembles stehen, und nat\u00fcrlich die Situation der Live-Aufnahme. \u2013 Alles in allem: musikalische Sternstunden! <\/span> <span class=\"txt-m-black\">(<em>ws<\/em>)<\/span><\/p>\n<p><\/p>\n<p> <center> <\/p>\n<table style=\"width: 430px;\" summary=\"linie\" border=\"0\" cellspacing=\"0\" cellpadding=\"0\">\n<tbody>\n<tr>\n<td colspan=\"9\" bgcolor=\"#666666\" height=\"1\"><img loading=\"lazy\" decoding=\"async\" src=\"http:\/\/212.60.37.143\/grafiken\/dbrown1x1.gif\" border=\"0\" width=\"1\" height=\"1\" \/><\/td>\n<\/tr>\n<\/tbody>\n<\/table>\n<p> <\/center> <\/p>\n<p><span class=\"txt-s-black\">Martha Argerich and Friends. Live from Lugano 2010. Werke von Bart\u00f3k, Brahms, Chopin, Gershwin\/Grainger, Granados, Korngold, Liszt, Schnittke, Schumann, Strawinsky\/Griguoli. (EMI Classics 70837 2; 3 CDs; 240\u2019)<\/span><\/p>\n","protected":false},"excerpt":{"rendered":"<p>01.07.2011 &#8212; Seit langem verzichtet sie auf solistische Rezitals, zieht es vor, sich mit Orchestern, mit einem Kern bestandener Kollegen&#8230;<\/p>\n","protected":false},"author":1,"featured_media":0,"comment_status":"open","ping_status":"open","sticky":false,"template":"","format":"standard","meta":{"footnotes":""},"categories":[13],"tags":[],"class_list":["post-1082","post","type-post","status-publish","format-standard","hentry","category-tontraeger-besprechungen","entry"],"_links":{"self":[{"href":"https:\/\/codexflores.ch\/index.php\/wp-json\/wp\/v2\/posts\/1082","targetHints":{"allow":["GET"]}}],"collection":[{"href":"https:\/\/codexflores.ch\/index.php\/wp-json\/wp\/v2\/posts"}],"about":[{"href":"https:\/\/codexflores.ch\/index.php\/wp-json\/wp\/v2\/types\/post"}],"author":[{"embeddable":true,"href":"https:\/\/codexflores.ch\/index.php\/wp-json\/wp\/v2\/users\/1"}],"replies":[{"embeddable":true,"href":"https:\/\/codexflores.ch\/index.php\/wp-json\/wp\/v2\/comments?post=1082"}],"version-history":[{"count":0,"href":"https:\/\/codexflores.ch\/index.php\/wp-json\/wp\/v2\/posts\/1082\/revisions"}],"wp:attachment":[{"href":"https:\/\/codexflores.ch\/index.php\/wp-json\/wp\/v2\/media?parent=1082"}],"wp:term":[{"taxonomy":"category","embeddable":true,"href":"https:\/\/codexflores.ch\/index.php\/wp-json\/wp\/v2\/categories?post=1082"},{"taxonomy":"post_tag","embeddable":true,"href":"https:\/\/codexflores.ch\/index.php\/wp-json\/wp\/v2\/tags?post=1082"}],"curies":[{"name":"wp","href":"https:\/\/api.w.org\/{rel}","templated":true}]}}