{"id":1088,"date":"2014-01-13T11:21:33","date_gmt":"2014-01-13T11:21:33","guid":{"rendered":"https:\/\/codexflores.ch\/index.php\/2014\/01\/13\/neue-volksmusik-gewinnt-an-fahrt\/"},"modified":"2014-01-13T11:21:33","modified_gmt":"2014-01-13T11:21:33","slug":"neue-volksmusik-gewinnt-an-fahrt","status":"publish","type":"post","link":"https:\/\/codexflores.ch\/index.php\/2014\/01\/13\/neue-volksmusik-gewinnt-an-fahrt\/","title":{"rendered":"Neue Volksmusik gewinnt an Fahrt"},"content":{"rendered":"<p><span class=\"txt-m-black\"><img decoding=\"async\" src=\"http:\/\/212.60.37.143\/bilder\/2011\/111013raemschfaedra.jpg\" border=\"0\" align=\"left\" \/>28.10.2011 &#8212; Die Hochschule Luzern bietet seit einigen Jahren einen Nachdiplomkurs \u00abSchweizer Volksmusik\u00bb an. Er ist schon mit dem ersten Jahrgang zum Schmelztiegel einer inspirierten, undogmatischen und lustvollen neuen Generation von Musikern geworden, die genau das tun, was authentischen Formen der Volksmusik eigen sein sollte: Sie mischen spontan und eklektisch Einfl\u00fcsse, Ideen, Anregungen aus allen Ecken und Enden der Welt (oder auch nur der Schweiz) \u2013 ohne das historische Wissen und Repertoire zu ignorieren.<\/p>\n<p> Sehr erfolgreich geht die Gruppe R\u00e4mschf\u00e4dra \u2013 der Name bezeichnet im Walliser Dialekt den L\u00f6wenzahn \u2013 diesen Weg. Mit Fl\u00f6ten, Violinen, Klavier, Akkordeon, Kontrabass und Gitarre erarbeitet sie \u00abin langen Proben und Sessions\u00bb eigene Arrangements traditioneller und neuer Lieder, T\u00e4nze und Charakterst\u00fccklein aus allen vier Sprachregionen der Schweiz.<\/p>\n<p> Klanglich bewegt sich das Resultat zwischen hochklassiger Hausmusik und wohldosierten Abstechern in experimentellere Gefilde \u2013 mit urchig anmutenden Texturen und Ostinati. Man f\u00fchlt sich hineinversetzt in die famili\u00e4re Stimmung eines gem\u00fctlichen Zusammenseins im Quartier oder Dorf, in eine Welt im Frieden mit sich selbst.<\/p>\n<p> <img decoding=\"async\" src=\"http:\/\/212.60.37.143\/bilder\/2011\/111013sagemattler.jpg\" border=\"0\" align=\"left\" \/>Auf einzigartige historische Dokumente kann die Gruppe D\u2019Sagemattler zur\u00fcckgreifen. Sie erweckt eine Sammlung von Arrangements von Schottisch, Polkas, Walzer und Mazurkas aus dem Jahr 1887 f\u00fcr Violine, Viola, Klarinette, Cornet und Kontrabass zum Leben. Erstellt hat sie der Klarinettist Anton Iten \u2013 zu seiner Zeit ein ungew\u00f6hnliches Unterfangen, wurden Volkmusik-Arrangements damals doch nie derart detailliert ausgeschrieben. Der Altdorfer M\u00fclirad-Verlag hat die 63 vollst\u00e4ndig notierten S\u00e4gemattler-T\u00e4nze in modernem Layout neu herausgebracht.<\/p>\n<p> D\u2019Sagemattler (sie entlehnen ihren Namen einer Formation, die bereits zu Zeiten Itens aktiv war) lassen diese in den letzten Jahren wiederentdeckte Epoche des volkst\u00fcmlichen Musizierens aufleben. Eine \u00abeinfache, aber feine Tanzmusik, oft in vorgeschriebenem \u201aPiano\u2019, meist mit verdoppelter Melodiestimme, selten mit zweiter Stimme\u00bb, vermerkt das Booklet. Die Musik f\u00fchrt klanglich genauso ins melancholisch-sinnliche Wien der Johann-Strauss-Dynastie wie in alpenl\u00e4ndische Gefilde. <\/p>\n<p> Die neuformierten Sagemattler bestehen aus Mitgliedern des Z\u00fcrcher Tonhalle-Orchesters. An deren Wirkungsst\u00e4tte, der Z\u00fcrcher Tonhalle, findet mittlerweile alle zwei Jahre unter der Leitung von Florian Walser, des Klarinettisten der Gruppe, mit der \u00abStubete am See\u00bb ein Festival f\u00fcr neue Schweizer Volksmusik statt.<\/p>\n<p> siehe auch:<br \/> <a href=\"http:\/\/www.muelirad.ch\" target=\"blank\" rel=\"noopener noreferrer\">www.muelirad.ch<\/a><br \/> <a href=\"http:\/\/www.bauernkapelle.ch\" target=\"blank\" rel=\"noopener noreferrer\">www.bauernkapelle.ch<\/a><\/p>\n<p> <img decoding=\"async\" src=\"http:\/\/212.60.37.143\/bilder\/2011\/111013nudallgraaduus.jpg\" border=\"0\" align=\"left\" \/>Volkst\u00fcmliche Streichmusik vom Feinsten findet sich auf der CD \u00abN\u00fcdallgraaduus\u00bb der Appenzeller Geschwister K\u00fcng. Die Formation besteht fast ausschliesslich aus Schwestern und einem Bruder (am Hackbrett), die \u2013 von Koryph\u00e4en wie Noldi Alder und Josef \u00abHornsepp\u00bb Dobler \u2013 unterwiesen, in der authentischen Volksmusik genauso zu Hause sind wie dank professionellen Ausbildungen an verschiedenen Musikhochschulen in der klassischen Musik.<\/p>\n<p> Letzteres zeigt sich in einem sehr gepflegten, teils k\u00fchnen Klangempfinden und dem selbstverst\u00e4ndlichen Einsatz moderner Spieltechniken und -effekte, mit denen die Geschwister den soliden Boden der Tradition aber nie ganz verlassen. Die mittlerweile zwanzig Jahre aktive Formation hat auch schon in Japan und China konzertiert und Auszeichnungen wie 2003 einen Preis der Schweizerischen Volksmusik abgeholt. <\/span> <span class=\"txt-m-black\">(<em>wb<\/em>)<\/span><\/p>\n<p><\/p>\n<p> <center> <\/p>\n<table style=\"width: 430px;\" summary=\"linie\" border=\"0\" cellspacing=\"0\" cellpadding=\"0\">\n<tbody>\n<tr>\n<td colspan=\"9\" bgcolor=\"#666666\" height=\"1\"><img loading=\"lazy\" decoding=\"async\" src=\"http:\/\/212.60.37.143\/grafiken\/dbrown1x1.gif\" border=\"0\" width=\"1\" height=\"1\" \/><\/td>\n<\/tr>\n<\/tbody>\n<\/table>\n<p> <\/center> <\/p>\n<p><span class=\"txt-s-black\">R\u00e4mschf\u00e4dra: chr\u00fcz &amp; queer, Musiques Suisses 2011, MGB-NV 17<br \/> D\u2019Sagemattler: Bauernmusik Unter\u00e4geri 1887, Musiques Suisses 2011, MGB-NV 19<br \/> Geschwister K\u00fcng: N\u00fcallgraaduus. Original Appenzeller Streichmusik, Musiques Suisses 2011, MGB-NV 18.<br \/> Bezugsquelle: <a href=\"http:\/\/www.musiques-suisses.ch\" target=\"blank\" rel=\"noopener noreferrer\"> www.musiques-suisses.ch <\/a> <\/span><\/p>\n","protected":false},"excerpt":{"rendered":"<p>28.10.2011 &#8212; Die Hochschule Luzern bietet seit einigen Jahren einen Nachdiplomkurs \u00abSchweizer Volksmusik\u00bb an. Er ist schon mit dem ersten&#8230;<\/p>\n","protected":false},"author":1,"featured_media":0,"comment_status":"open","ping_status":"open","sticky":false,"template":"","format":"standard","meta":{"footnotes":""},"categories":[13],"tags":[],"class_list":["post-1088","post","type-post","status-publish","format-standard","hentry","category-tontraeger-besprechungen","entry"],"_links":{"self":[{"href":"https:\/\/codexflores.ch\/index.php\/wp-json\/wp\/v2\/posts\/1088","targetHints":{"allow":["GET"]}}],"collection":[{"href":"https:\/\/codexflores.ch\/index.php\/wp-json\/wp\/v2\/posts"}],"about":[{"href":"https:\/\/codexflores.ch\/index.php\/wp-json\/wp\/v2\/types\/post"}],"author":[{"embeddable":true,"href":"https:\/\/codexflores.ch\/index.php\/wp-json\/wp\/v2\/users\/1"}],"replies":[{"embeddable":true,"href":"https:\/\/codexflores.ch\/index.php\/wp-json\/wp\/v2\/comments?post=1088"}],"version-history":[{"count":0,"href":"https:\/\/codexflores.ch\/index.php\/wp-json\/wp\/v2\/posts\/1088\/revisions"}],"wp:attachment":[{"href":"https:\/\/codexflores.ch\/index.php\/wp-json\/wp\/v2\/media?parent=1088"}],"wp:term":[{"taxonomy":"category","embeddable":true,"href":"https:\/\/codexflores.ch\/index.php\/wp-json\/wp\/v2\/categories?post=1088"},{"taxonomy":"post_tag","embeddable":true,"href":"https:\/\/codexflores.ch\/index.php\/wp-json\/wp\/v2\/tags?post=1088"}],"curies":[{"name":"wp","href":"https:\/\/api.w.org\/{rel}","templated":true}]}}