{"id":1112,"date":"2014-01-13T12:22:08","date_gmt":"2014-01-13T12:22:08","guid":{"rendered":"https:\/\/codexflores.ch\/index.php\/2014\/01\/13\/kampf-gegen-zerstoerung-der-pariser-salle-peyel\/"},"modified":"2014-01-13T12:22:08","modified_gmt":"2014-01-13T12:22:08","slug":"kampf-gegen-zerstoerung-der-pariser-salle-peyel","status":"publish","type":"post","link":"https:\/\/codexflores.ch\/index.php\/2014\/01\/13\/kampf-gegen-zerstoerung-der-pariser-salle-peyel\/","title":{"rendered":"\u00abKampf gegen Zerst\u00f6rung der Pariser Salle Peyel\u00bb"},"content":{"rendered":"<table>\n<tbody>\n<tr>\n<td colspan=\"2\"><span class=\"txt-m-black\">Nachricht vom 19.07.2006<\/span><\/p>\n<\/td>\n<\/tr>\n<tr>\n<td colspan=\"2\"><span class=\"txt-m-black\">Ich bin ein aufmerksamer Leser Ihrer gut gemachten Webseite. Ich habe dort den Bericht zur Salle Pleyel gefunden und mache Sie darauf aufmerksam, dass Sie damit in gewisser Weise eine Falschmeldung verbreiten.<\/p>\n<p> Ich habe die Salle Pleyel vor kurzem besichtigt und kann best\u00e4tigen, dass der Saal keineswegs zerst\u00f6rt wird, sondern neu aufbl\u00fcht. Artec (Russell Johnson) macht die Akustik und der Architekt Fran\u00e7ois Ceria hat vieles von dem, was in vorherigen Renovierungen zerst\u00f6rt wurde, wieder hergestellt. Der Art-D\u00e9co-Charakter kommt endlich wieder voll zum Vorschein.<\/p>\n<p> Im Saal wurden aus rein akustischen \u00dcberlegungen Seitenbalkons eingezogen, die optisch sehr gut aussehen und ausserdem Publikum aufnehmen k\u00f6nnen. Die parabolische Decke \u00fcber der B\u00fchne wurde abgebaut, um das Volumen des Saals zu vergr\u00f6ssern. Die B\u00fchne wurde vergr\u00f6ssert und die neuen St\u00fchle im Saal sind komfortabler, mit etwas mehr Beinfreiheit.<\/p>\n<p> Dabei gingen tats\u00e4chlich etwa 400 Pl\u00e4tze verloren, aber der Saal hat ja immerhin noch 1&#8217;913 Pl\u00e4tze und bleibt somit der gr\u00f6sste Saal in Paris. Dass der Kammermusiksaal in einen Mehrzwecksaal umgebaut wurde, ist sicher kein Nachteil und dass der kleine Debussy-Saal der Aufnahmetechnik weichen musste, bringt vielen H\u00f6rern an ihren Radioger\u00e4ten die M\u00f6glichkeit, Konzerte aus Pleyel zu h\u00f6ren.<\/p>\n<p> Pleyel wird ein toller Saal sein und hat f\u00fcr 2006\/07 ein tolles Programm (www.sallepleyel.fr).<\/p>\n<p> Die von Ihnen angesprochene Webseite geht auf die Dirigentin Carla Maria Tarditti zur\u00fcck, die vor der Renovierung Pleyel leitete und von der franz\u00f6sischen Regierung ausgebootet wurde. Daher der Streit. Besonders ulkig wird die Sache wenn man weiss, dass Madame Tarditti die Gattin des Besitzers von Pleyel ist, der den Saal aufwendig renovieren liess und ihn jetzt f\u00fcr 1,5 Millionen Euro im Jahr an den franz\u00f6sischen Staat vermietet.<\/p>\n<p> Pleyel wird am 13.September mit Mahlers Auferstehungssymphonie vom Orchestre de Paris unter Christoph Eschenbach wieder er\u00f6ffnet.<\/span><\/p>\n<\/td>\n<\/tr>\n<tr>\n<td colspan=\"2\">\u00a0<\/td>\n<\/tr>\n<tr>\n<td width=\"200\">\u00a0<\/td>\n<td><span class=\"txt-m-black\"><strong>Remy Franck<\/strong><br \/> Editor in chief\/r\u00e9dacteur en chef<br \/> Pizzicato, www.pizzicato.lu<\/span><\/td>\n<\/tr>\n<\/tbody>\n<\/table>\n","protected":false},"excerpt":{"rendered":"<p>Nachricht vom 19.07.2006 Ich bin ein aufmerksamer Leser Ihrer gut gemachten Webseite. Ich habe dort den Bericht zur Salle Pleyel&#8230;<\/p>\n","protected":false},"author":1,"featured_media":0,"comment_status":"open","ping_status":"open","sticky":false,"template":"","format":"standard","meta":{"footnotes":""},"categories":[21],"tags":[],"class_list":["post-1112","post","type-post","status-publish","format-standard","hentry","category-leserbriefe","entry"],"_links":{"self":[{"href":"https:\/\/codexflores.ch\/index.php\/wp-json\/wp\/v2\/posts\/1112","targetHints":{"allow":["GET"]}}],"collection":[{"href":"https:\/\/codexflores.ch\/index.php\/wp-json\/wp\/v2\/posts"}],"about":[{"href":"https:\/\/codexflores.ch\/index.php\/wp-json\/wp\/v2\/types\/post"}],"author":[{"embeddable":true,"href":"https:\/\/codexflores.ch\/index.php\/wp-json\/wp\/v2\/users\/1"}],"replies":[{"embeddable":true,"href":"https:\/\/codexflores.ch\/index.php\/wp-json\/wp\/v2\/comments?post=1112"}],"version-history":[{"count":0,"href":"https:\/\/codexflores.ch\/index.php\/wp-json\/wp\/v2\/posts\/1112\/revisions"}],"wp:attachment":[{"href":"https:\/\/codexflores.ch\/index.php\/wp-json\/wp\/v2\/media?parent=1112"}],"wp:term":[{"taxonomy":"category","embeddable":true,"href":"https:\/\/codexflores.ch\/index.php\/wp-json\/wp\/v2\/categories?post=1112"},{"taxonomy":"post_tag","embeddable":true,"href":"https:\/\/codexflores.ch\/index.php\/wp-json\/wp\/v2\/tags?post=1112"}],"curies":[{"name":"wp","href":"https:\/\/api.w.org\/{rel}","templated":true}]}}