{"id":1132,"date":"2014-01-14T05:47:06","date_gmt":"2014-01-14T05:47:06","guid":{"rendered":"https:\/\/codexflores.ch\/index.php\/2014\/01\/14\/garanca-und-chichon-sind-erneut-eltern-geworden\/"},"modified":"2014-01-14T05:47:06","modified_gmt":"2014-01-14T05:47:06","slug":"garanca-und-chichon-sind-erneut-eltern-geworden","status":"publish","type":"post","link":"https:\/\/codexflores.ch\/index.php\/2014\/01\/14\/garanca-und-chichon-sind-erneut-eltern-geworden\/","title":{"rendered":"Garanca und Chichon sind erneut Eltern geworden"},"content":{"rendered":"<p>14.01.2014 &#8212; El\u012bna Garan\u010da und Karel Mark Chichon sind zum zweiten Mal Eltern geworden. Laut dem Musikpublizisten Norman Lebrecht hat am 10. Januar ihre zweite Tochter Cristina Sophie Chichon das Licht der Welt erblickt.<\/p>\n<p><strong>14.01.2014 &#8212; El\u012bna Garan\u010da und Karel Mark Chichon sind zum zweiten Mal Eltern geworden. Laut dem Musikpublizisten Norman Lebrecht hat am 10. Januar ihre zweite Tochter Cristina Sophie Chichon das Licht der Welt erblickt.<\/strong><\/p>\n<p>Mutter und Kind seien wohlauf, so Lebrecht in seinem Blog Slipped Disc. Die beiden haben bereits eine Tochter Catherine Louise.\u00a0 <\/p>\n<p>Wie El\u012bna Garan\u010da auf ihrer Webseite schreibt, hat sie wegen der Mutterschaft alle geplanten Auftritte f\u00fcr Anfang 2014 bereits abgesagt. Sie werde zu einem sp\u00e4teren Zeitpunkt \u00abrechtzeitig bekanntgeben, wann sie ihre Konzert- und Opernt\u00e4tigkeit wieder aufnehmen werde\u00bb.<\/p>\n<p>\u00a0<\/p>\n","protected":false},"excerpt":{"rendered":"<p>14.01.2014 &#8212; El\u012bna Garan\u010da und Karel Mark Chichon sind zum zweiten Mal Eltern geworden. Laut dem Musikpublizisten Norman Lebrecht hat am 10. Januar ihre zweite Tochter Cristina Sophie Chichon das Licht der Welt erblickt.<\/p>\n","protected":false},"author":1,"featured_media":0,"comment_status":"open","ping_status":"open","sticky":false,"template":"","format":"standard","meta":{"footnotes":""},"categories":[2],"tags":[],"class_list":["post-1132","post","type-post","status-publish","format-standard","hentry","category-nachrichten","entry"],"_links":{"self":[{"href":"https:\/\/codexflores.ch\/index.php\/wp-json\/wp\/v2\/posts\/1132","targetHints":{"allow":["GET"]}}],"collection":[{"href":"https:\/\/codexflores.ch\/index.php\/wp-json\/wp\/v2\/posts"}],"about":[{"href":"https:\/\/codexflores.ch\/index.php\/wp-json\/wp\/v2\/types\/post"}],"author":[{"embeddable":true,"href":"https:\/\/codexflores.ch\/index.php\/wp-json\/wp\/v2\/users\/1"}],"replies":[{"embeddable":true,"href":"https:\/\/codexflores.ch\/index.php\/wp-json\/wp\/v2\/comments?post=1132"}],"version-history":[{"count":0,"href":"https:\/\/codexflores.ch\/index.php\/wp-json\/wp\/v2\/posts\/1132\/revisions"}],"wp:attachment":[{"href":"https:\/\/codexflores.ch\/index.php\/wp-json\/wp\/v2\/media?parent=1132"}],"wp:term":[{"taxonomy":"category","embeddable":true,"href":"https:\/\/codexflores.ch\/index.php\/wp-json\/wp\/v2\/categories?post=1132"},{"taxonomy":"post_tag","embeddable":true,"href":"https:\/\/codexflores.ch\/index.php\/wp-json\/wp\/v2\/tags?post=1132"}],"curies":[{"name":"wp","href":"https:\/\/api.w.org\/{rel}","templated":true}]}}