{"id":1136,"date":"2014-01-15T06:57:47","date_gmt":"2014-01-15T06:57:47","guid":{"rendered":"https:\/\/codexflores.ch\/index.php\/2014\/01\/15\/musik-interventionen-an-winterthurer-stadtfest\/"},"modified":"2014-01-15T06:57:47","modified_gmt":"2014-01-15T06:57:47","slug":"musik-interventionen-an-winterthurer-stadtfest","status":"publish","type":"post","link":"https:\/\/codexflores.ch\/index.php\/2014\/01\/15\/musik-interventionen-an-winterthurer-stadtfest\/","title":{"rendered":"Musik-Interventionen an Winterthurer Stadtfest"},"content":{"rendered":"<p>15.01.2014 &#8212; Anl\u00e4sslich des Jubil\u00e4umsjahres <em>Winterthur750<\/em> wird das Musikfestival Innovatiqua am Samstag, 25. Januar 2014 in der Winterthurer Altstadt spontane musikalische Kurz-Performances realisieren und das 750-Jahre-Stadtrecht-Jubil\u00e4umsjahr der Stadt damit auf eigene Art er\u00f6ffnen.<\/p>\n<p><strong>15.01.2014 &#8212; Anl\u00e4sslich des Jubil\u00e4umsjahres <em>Winterthur750<\/em> wird das Musikfestival Innovatiqua am Samstag, 25. Januar 2014 in der Winterthurer Altstadt spontane musikalische Kurz-Performances realisieren und das 750-Jahre-Stadtrecht-Jubil\u00e4umsjahr der Stadt damit auf eigene Art er\u00f6ffnen.<\/strong><\/p>\n<p><strong>\u00a0<\/strong><\/p>\n<p>Zwischen 11 und 16 Uhr bespielen 20 Winterthurer K\u00fcnstlerinnen und K\u00fcnstler sowie Newcomer aus verschiedenen Musiksparten unter dem Motto\u00a0 <em>Innovatiqua goes Shopping<\/em> im Duo \u00f6ffentliche Pl\u00e4tze und Altstadtgesch\u00e4fte. Der musikalische Einkaufsbummel m\u00fcndet in einer Festivalparty im Albani Music Club mit einer Talkrunde zum Thema <em>Nachhal(l)tigkeit in Kunst &amp; Kultur<\/em>, Jam-Sessions mit den teilnehmenden Musikerinnen und Musikern sowie einem Konzert mit der Band Sebass und rhythmischen Balkanbeats.<\/p>\n<p>\u00a0<\/p>\n<p>Das Festivalkonzept \u201egoes shopping&#8230;\u201c wurde aufgrund seines Bezugs zum Thema Nachhaltigkeit als eines von mehreren Projekten f\u00fcr den Klima Landsgemeinde Winterthur Preis 2013 nominiert und erreichte in dem Wettbewerb schliesslich den 5. Platz. <em>(cf)<\/em><\/p>\n<p>\u00a0<\/p>\n","protected":false},"excerpt":{"rendered":"<p>15.01.2014 &#8212; Anl\u00e4sslich des Jubil\u00e4umsjahres <em>Winterthur750<\/em> wird das Musikfestival Innovatiqua am Samstag, 25. Januar 2014 in der Winterthurer Altstadt spontane musikalische Kurz-Performances realisieren und das 750-Jahre-Stadtrecht-Jubil\u00e4umsjahr der Stadt damit auf eigene Art er\u00f6ffnen.<\/p>\n","protected":false},"author":1,"featured_media":0,"comment_status":"open","ping_status":"open","sticky":false,"template":"","format":"standard","meta":{"footnotes":""},"categories":[2],"tags":[],"class_list":["post-1136","post","type-post","status-publish","format-standard","hentry","category-nachrichten","entry"],"_links":{"self":[{"href":"https:\/\/codexflores.ch\/index.php\/wp-json\/wp\/v2\/posts\/1136","targetHints":{"allow":["GET"]}}],"collection":[{"href":"https:\/\/codexflores.ch\/index.php\/wp-json\/wp\/v2\/posts"}],"about":[{"href":"https:\/\/codexflores.ch\/index.php\/wp-json\/wp\/v2\/types\/post"}],"author":[{"embeddable":true,"href":"https:\/\/codexflores.ch\/index.php\/wp-json\/wp\/v2\/users\/1"}],"replies":[{"embeddable":true,"href":"https:\/\/codexflores.ch\/index.php\/wp-json\/wp\/v2\/comments?post=1136"}],"version-history":[{"count":0,"href":"https:\/\/codexflores.ch\/index.php\/wp-json\/wp\/v2\/posts\/1136\/revisions"}],"wp:attachment":[{"href":"https:\/\/codexflores.ch\/index.php\/wp-json\/wp\/v2\/media?parent=1136"}],"wp:term":[{"taxonomy":"category","embeddable":true,"href":"https:\/\/codexflores.ch\/index.php\/wp-json\/wp\/v2\/categories?post=1136"},{"taxonomy":"post_tag","embeddable":true,"href":"https:\/\/codexflores.ch\/index.php\/wp-json\/wp\/v2\/tags?post=1136"}],"curies":[{"name":"wp","href":"https:\/\/api.w.org\/{rel}","templated":true}]}}