{"id":1143,"date":"2014-01-16T07:29:23","date_gmt":"2014-01-16T07:29:23","guid":{"rendered":"https:\/\/codexflores.ch\/index.php\/2014\/01\/16\/netrebko-und-gegiev-an-der-schlussfeier-in-sotschi\/"},"modified":"2014-01-16T07:29:23","modified_gmt":"2014-01-16T07:29:23","slug":"netrebko-und-gegiev-an-der-schlussfeier-in-sotschi","status":"publish","type":"post","link":"https:\/\/codexflores.ch\/index.php\/2014\/01\/16\/netrebko-und-gegiev-an-der-schlussfeier-in-sotschi\/","title":{"rendered":"Netrebko und Gergiev an der Schlussfeier in Sotschi"},"content":{"rendered":"<div class=\"text-blck\">\n<p class=\"big-text\"><span style=\"font-family: arial,helvetica,sans-serif; font-size: small;\">16.01.2014 &#8212; \u00dcberraschung, \u00dcberraschung: An der Schlussfeier der Olympischen Winterspiele im russischen Sotschi werden der Dirigent Valery Gergiev und die Sopranistin Anna Netrebko auftreten.<\/span><\/p>\n<p class=\"big-text\"><strong><span style=\"font-family: arial,helvetica,sans-serif; font-size: small;\"> <span style=\"font-family: arial,helvetica,sans-serif; font-size: small;\">16.01.2014 &#8212; \u00dcberraschung, \u00dcberraschung: An der Schlussfeier der Olympischen Winterspiele im russischen Sotschi werden der Dirigent Valery Gergiev und die Sopranistin Anna Netrebko auftreten.<\/span><\/span><\/strong><\/p>\n<p class=\"big-text\"><strong><span style=\"font-family: arial,helvetica,sans-serif; font-size: small;\"><span style=\"font-family: arial,helvetica,sans-serif; font-size: small;\">\u00a0<\/span><\/span><\/strong><\/p>\n<p class=\"big-text\"><span style=\"font-family: arial,helvetica,sans-serif; font-size: small;\">\u00a0Die beiden gelten als die prominentesten Prot\u00e9g\u00e9s aus der Welt der Musik des rusisschen Pr\u00e4sidenten Vladimir Putin. Anna Netrebko wird am 23. Februar im Rahmen der Feier mit einem tausendk\u00f6pfigen Kinderchor auftreten, der von Valery Gergiev dirigiert wird. <\/span><\/p>\n<p class=\"big-text\"><span style=\"font-family: arial,helvetica,sans-serif; font-size: small;\">\u00a0 \u00a0 <br \/><\/span><\/p>\n<p class=\"big-text\">Gesungen werden sollen laut einer Meldung von France Musique nicht Opernst\u00fccke, soindern patriotische Ges\u00e4nge wie die <em>Hymne der Russischen F\u00f6deration<\/em> oder <em>Weit ist mein Heimatland<\/em>. (cf)<\/p>\n<p class=\"big-text\">\u00a0<\/p>\n<p class=\"big-text\">\u00a0<\/p>\n<\/p><\/div>\n","protected":false},"excerpt":{"rendered":"<div class=\"text-blck\">\n<p class=\"big-text\"><span style=\"font-family: arial,helvetica,sans-serif; font-size: small;\">16.01.2014 &#8212; \u00dcberraschung, \u00dcberraschung: An der Schlussfeier der Olympischen Winterspiele im russischen Sotschi werden der Dirigent Valery Gergiev und die Sopranistin Anna Netrebko auftreten.<\/span><\/p>\n","protected":false},"author":1,"featured_media":0,"comment_status":"open","ping_status":"open","sticky":false,"template":"","format":"standard","meta":{"footnotes":""},"categories":[2],"tags":[],"class_list":["post-1143","post","type-post","status-publish","format-standard","hentry","category-nachrichten","entry"],"_links":{"self":[{"href":"https:\/\/codexflores.ch\/index.php\/wp-json\/wp\/v2\/posts\/1143","targetHints":{"allow":["GET"]}}],"collection":[{"href":"https:\/\/codexflores.ch\/index.php\/wp-json\/wp\/v2\/posts"}],"about":[{"href":"https:\/\/codexflores.ch\/index.php\/wp-json\/wp\/v2\/types\/post"}],"author":[{"embeddable":true,"href":"https:\/\/codexflores.ch\/index.php\/wp-json\/wp\/v2\/users\/1"}],"replies":[{"embeddable":true,"href":"https:\/\/codexflores.ch\/index.php\/wp-json\/wp\/v2\/comments?post=1143"}],"version-history":[{"count":0,"href":"https:\/\/codexflores.ch\/index.php\/wp-json\/wp\/v2\/posts\/1143\/revisions"}],"wp:attachment":[{"href":"https:\/\/codexflores.ch\/index.php\/wp-json\/wp\/v2\/media?parent=1143"}],"wp:term":[{"taxonomy":"category","embeddable":true,"href":"https:\/\/codexflores.ch\/index.php\/wp-json\/wp\/v2\/categories?post=1143"},{"taxonomy":"post_tag","embeddable":true,"href":"https:\/\/codexflores.ch\/index.php\/wp-json\/wp\/v2\/tags?post=1143"}],"curies":[{"name":"wp","href":"https:\/\/api.w.org\/{rel}","templated":true}]}}