{"id":1146,"date":"2014-01-17T07:32:45","date_gmt":"2014-01-17T07:32:45","guid":{"rendered":"https:\/\/codexflores.ch\/index.php\/2014\/01\/17\/1300-singen-in-berlin-beethoven-chorwerke\/"},"modified":"2014-01-17T07:32:45","modified_gmt":"2014-01-17T07:32:45","slug":"1300-singen-in-berlin-beethoven-chorwerke","status":"publish","type":"post","link":"https:\/\/codexflores.ch\/index.php\/2014\/01\/17\/1300-singen-in-berlin-beethoven-chorwerke\/","title":{"rendered":"1300 singen in Berlin Beethoven-Chorwerke"},"content":{"rendered":"<p><span style=\"font-size: small; color: #000000;\"><span style=\"font-family: arial,helvetica,sans-serif;\">17.01.2014 &#8212; Mitsingprojekte auf die Schnelle erfreuen sich ungebrochener Beliebtheit. In Berlin versammeln sich einmal mehr <\/span><span style=\"font-family: Arial,Helvetica,sans-serif; font-style: normal; text-decoration: none;\">knapp 1300 S\u00e4ngerinnen und S\u00e4nger aus ganz Deutschland und verschiedenen L\u00e4ndern Europas in der ausverkauften Berliner Philharmonie, um beim Mitsingkonzert des Rundfunkchores Berlin mit Chefdirigent Simon Halsey Beethovens <em>Chorfantasie<\/em> und <em> C-Dur-Messe<\/em> einzustudieren.<\/span><\/span><\/p>\n<p>\u00a0<\/p>\n<p><strong><span style=\"font-size: small; color: #000000;\"><span style=\"font-family: arial,helvetica,sans-serif;\">17.01.2014 &#8212; Mitsingprojekte auf die Schnelle erfreuen sich ungebrochener Beliebtheit. In Berlin versammeln sich einmal mehr <\/span><span style=\"font-family: Arial,Helvetica,sans-serif; font-style: normal; text-decoration: none;\">knapp 1300 S\u00e4ngerinnen und S\u00e4nger aus ganz Deutschland und verschiedenen L\u00e4ndern Europas in der ausverkauften Berliner Philharmonie, um beim Mitsingkonzert des Rundfunkchores Berlin mit Chefdirigent Simon Halsey Beethovens <em>Chorfantasie<\/em> und <em> C-Dur-Messe<\/em> einzustudieren.<\/span><\/span><\/strong><\/p>\n<p><span style=\"font-size: small; color: #000000;\"><span style=\"font-family: Arial,Helvetica,sans-serif; font-style: normal; text-decoration: none;\">\u00a0<\/span><\/span><\/p>\n<p><span style=\"font-size: small; color: #000000;\"><span style=\"font-family: Arial,Helvetica,sans-serif; font-style: normal; text-decoration: none;\"><span style=\"font-family: Arial,Helvetica,sans-serif; font-style: normal; font-size: 14px; font-weight: normal; text-decoration: none; color: #000000;\"> Die Mitwirkenden erarbeiten innerhalb eines Tages die beiden Werke. Als Solisten amten <span style=\"font-family: Arial,Helvetica,sans-serif; font-style: normal; font-size: 14px; font-weight: normal; text-decoration: none; color: #000000;\">Sophie Klussmann (Sopran), Christina Seifert (Mezzosopran), <\/span><span style=\"font-family: Arial,Helvetica,sans-serif; font-style: normal; font-size: 14px; font-weight: normal; text-decoration: none; color: #000000;\">Anke Vondung (Alt), Ricardo Marinello (Tenor), <\/span><span style=\"font-family: Arial,Helvetica,sans-serif; font-style: normal; font-size: 14px; font-weight: normal; text-decoration: none; color: #000000;\">Ren\u00e9 Vossk\u00fchler (Bariton), David Jerusalem (Bass) und <\/span><span style=\"font-family: Arial,Helvetica,sans-serif; font-style: normal; font-size: 14px; font-weight: normal; text-decoration: none; color: #000000;\">Einav Yarden (Klavier).\u00a0<\/span><\/span><\/span><\/span><\/p>\n<p><span style=\"font-size: small; color: #000000;\"><span style=\"font-family: Arial,Helvetica,sans-serif; font-style: normal; text-decoration: none;\"><span style=\"font-family: Arial,Helvetica,sans-serif; font-style: normal; font-size: 14px; font-weight: normal; text-decoration: none; color: #000000;\"><span style=\"font-family: Arial,Helvetica,sans-serif; font-style: normal; font-size: 14px; font-weight: normal; text-decoration: none; color: #000000;\">\u00a0<\/span><\/span><\/span><\/span><\/p>\n<p>\u00a0<\/p>\n<p><span style=\"font-size: small; color: #000000;\"><span style=\"font-family: Arial,Helvetica,sans-serif; font-style: normal; text-decoration: none;\"><span style=\"font-family: Arial,Helvetica,sans-serif; font-style: normal; font-size: 14px; font-weight: normal; text-decoration: none; color: #000000;\"><span style=\"font-family: Arial,Helvetica,sans-serif; font-style: normal; font-size: 14px; font-weight: normal; text-decoration: none; color: #000000;\"><span style=\"font-size: small; color: #000000;\"><span style=\"font-family: Arial,Helvetica,sans-serif; font-style: normal; text-decoration: none;\"><span style=\"font-family: Arial,Helvetica,sans-serif; font-style: normal; font-size: 14px; font-weight: normal; text-decoration: none; color: #000000;\"><span style=\"font-family: Arial,Helvetica,sans-serif; font-style: normal; font-size: 14px; font-weight: normal; text-decoration: none; color: #000000;\">2003 lud der Chor erstmals mehrere hundert S\u00e4ngerinnen und S\u00e4nger zum Mitsingen ein.<\/span><\/span><\/span><\/span> Mittlerweile z\u00e4hlt das Projekt \u00abTausende von Fans\u00bb und findet deutschlandweit und international Nachahmer. 2010 trug der Rundfunkchor Berlin das Format erstmals ins Ausland und war mit Orffs <em>Carmina Burana<\/em> in der T\u00fcrkei zu Gast. Am 17. Mai 2014 findet ein internationales Mitsingkonzert mit Mozarts <em>Requiem<\/em> in Budapest statt<\/span>. <em>(cf)<\/em><\/span><\/span><\/span><\/p>\n","protected":false},"excerpt":{"rendered":"<p><span style=\"font-size: small; color: #000000;\"><span style=\"font-family: arial,helvetica,sans-serif;\">17.01.2014 &#8212; Mitsingprojekte auf die Schnelle erfreuen sich ungebrochener Beliebtheit. In Berlin versammeln sich einmal mehr <\/span><span style=\"font-family: Arial,Helvetica,sans-serif; font-style: normal; text-decoration: none;\">knapp 1300 S\u00e4ngerinnen und S\u00e4nger aus ganz Deutschland und verschiedenen L\u00e4ndern Europas in der ausverkauften Berliner Philharmonie, um beim Mitsingkonzert des Rundfunkchores Berlin mit Chefdirigent Simon Halsey Beethovens <em>Chorfantasie<\/em> und <em> C-Dur-Messe<\/em> einzustudieren.<\/span><\/span><\/p>\n","protected":false},"author":1,"featured_media":0,"comment_status":"open","ping_status":"open","sticky":false,"template":"","format":"standard","meta":{"footnotes":""},"categories":[2],"tags":[],"class_list":["post-1146","post","type-post","status-publish","format-standard","hentry","category-nachrichten","entry"],"_links":{"self":[{"href":"https:\/\/codexflores.ch\/index.php\/wp-json\/wp\/v2\/posts\/1146","targetHints":{"allow":["GET"]}}],"collection":[{"href":"https:\/\/codexflores.ch\/index.php\/wp-json\/wp\/v2\/posts"}],"about":[{"href":"https:\/\/codexflores.ch\/index.php\/wp-json\/wp\/v2\/types\/post"}],"author":[{"embeddable":true,"href":"https:\/\/codexflores.ch\/index.php\/wp-json\/wp\/v2\/users\/1"}],"replies":[{"embeddable":true,"href":"https:\/\/codexflores.ch\/index.php\/wp-json\/wp\/v2\/comments?post=1146"}],"version-history":[{"count":0,"href":"https:\/\/codexflores.ch\/index.php\/wp-json\/wp\/v2\/posts\/1146\/revisions"}],"wp:attachment":[{"href":"https:\/\/codexflores.ch\/index.php\/wp-json\/wp\/v2\/media?parent=1146"}],"wp:term":[{"taxonomy":"category","embeddable":true,"href":"https:\/\/codexflores.ch\/index.php\/wp-json\/wp\/v2\/categories?post=1146"},{"taxonomy":"post_tag","embeddable":true,"href":"https:\/\/codexflores.ch\/index.php\/wp-json\/wp\/v2\/tags?post=1146"}],"curies":[{"name":"wp","href":"https:\/\/api.w.org\/{rel}","templated":true}]}}