{"id":1158,"date":"2014-01-22T07:41:44","date_gmt":"2014-01-22T07:41:44","guid":{"rendered":"https:\/\/codexflores.ch\/index.php\/2014\/01\/22\/crystal-award-des-wef-fuer-juan-diego-florez\/"},"modified":"2014-01-22T07:41:44","modified_gmt":"2014-01-22T07:41:44","slug":"crystal-award-des-wef-fuer-juan-diego-florez","status":"publish","type":"post","link":"https:\/\/codexflores.ch\/index.php\/2014\/01\/22\/crystal-award-des-wef-fuer-juan-diego-florez\/","title":{"rendered":"Crystal Award des WEF f\u00fcr Juan Diego Fl\u00f3rez"},"content":{"rendered":"<p>22.01.2014 &#8212; Der peruanische Tenor Juan Diego Fl\u00f3rez geh\u00f6rt neben dem Schauspieler Matt Damon und der Fiilmemacherin Shirin Neshat zu den Empf\u00e4ngern eines Crystal Award des World Economic Form, das ab heute in Davos \u00fcber die B\u00fchnen geht.<\/p>\n<p><span style=\"line-height: 20.8px; font-size: small; font-family: arial,helvetica,sans-serif;\"><strong>22.01.2014 &#8212; Der peruanische Tenor Juan Diego Fl\u00f3rez geh\u00f6rt neben dem Schauspieler Matt Damon und der Filmemacherin Shirin Neshat zu den Empf\u00e4ngern eines Crystal Award des World Economic Form, das ab heute in Davos \u00fcber die B\u00fchnen geht.<\/strong><br \/><\/span><\/p>\n<p><span style=\"line-height: 20.8px; font-size: small; font-family: arial,helvetica,sans-serif;\">\u00a0<\/span><\/p>\n<p><span style=\"line-height: 20.8px; font-size: small; font-family: arial,helvetica,sans-serif;\">Das WEF w\u00fcrdigt mit dem Preis den Einsatz des S\u00e4ngers und Gr\u00fcnders der Stiftung <span style=\"line-height: 20.8px; font-size: small; font-family: arial,helvetica,sans-serif;\">Sinfon\u00eda por el Per\u00fa f\u00fcr die musikalische Bildung und die F\u00f6rderung der Jugend in seinem Heimatland.\u00a0 <\/span><br \/><\/span><\/p>\n<p><span style=\"line-height: 20.8px; font-size: small; font-family: arial,helvetica,sans-serif;\">\u00a0<\/span><\/p>\n<p><span style=\"line-height: 20.8px; font-size: small; font-family: arial,helvetica,sans-serif;\">Ausgezeichnet werden h\u00e4tte eigentlich auch der Dirigent Lorin Maazel, f\u00fcr seinen Einsatz f\u00fcr die <span style=\"line-height: 20.8px; font-size: small; font-family: arial,helvetica,sans-serif;\">Ch\u00e2teauville Foundation, ein F\u00f6rderprojekt f\u00fcr Nachwuchsmusiker. Wie er auf seiner eigenen Webseite schreibt, kann er aufgrund eines Sturzes f\u00fcr mehrere Tage nicht fliegen. Er hat seine Beteiligung an der Preisverleihung deshalb absagen m\u00fcssen.<em> (cf) <\/em><\/span><br \/><\/span><\/p>\n<p><span style=\"line-height: 20.8px; font-size: small; font-family: arial,helvetica,sans-serif;\">\u00a0<\/span><\/p>\n<p>\u00a0<\/p>\n","protected":false},"excerpt":{"rendered":"<p>22.01.2014 &#8212; Der peruanische Tenor Juan Diego Fl\u00f3rez geh\u00f6rt neben dem Schauspieler Matt Damon und der Fiilmemacherin Shirin Neshat zu den Empf\u00e4ngern eines Crystal Award des World Economic Form, das ab heute in Davos \u00fcber die B\u00fchnen geht.<\/p>\n","protected":false},"author":1,"featured_media":0,"comment_status":"open","ping_status":"open","sticky":false,"template":"","format":"standard","meta":{"footnotes":""},"categories":[2],"tags":[],"class_list":["post-1158","post","type-post","status-publish","format-standard","hentry","category-nachrichten","entry"],"_links":{"self":[{"href":"https:\/\/codexflores.ch\/index.php\/wp-json\/wp\/v2\/posts\/1158","targetHints":{"allow":["GET"]}}],"collection":[{"href":"https:\/\/codexflores.ch\/index.php\/wp-json\/wp\/v2\/posts"}],"about":[{"href":"https:\/\/codexflores.ch\/index.php\/wp-json\/wp\/v2\/types\/post"}],"author":[{"embeddable":true,"href":"https:\/\/codexflores.ch\/index.php\/wp-json\/wp\/v2\/users\/1"}],"replies":[{"embeddable":true,"href":"https:\/\/codexflores.ch\/index.php\/wp-json\/wp\/v2\/comments?post=1158"}],"version-history":[{"count":0,"href":"https:\/\/codexflores.ch\/index.php\/wp-json\/wp\/v2\/posts\/1158\/revisions"}],"wp:attachment":[{"href":"https:\/\/codexflores.ch\/index.php\/wp-json\/wp\/v2\/media?parent=1158"}],"wp:term":[{"taxonomy":"category","embeddable":true,"href":"https:\/\/codexflores.ch\/index.php\/wp-json\/wp\/v2\/categories?post=1158"},{"taxonomy":"post_tag","embeddable":true,"href":"https:\/\/codexflores.ch\/index.php\/wp-json\/wp\/v2\/tags?post=1158"}],"curies":[{"name":"wp","href":"https:\/\/api.w.org\/{rel}","templated":true}]}}