{"id":1161,"date":"2014-01-23T07:17:58","date_gmt":"2014-01-23T07:17:58","guid":{"rendered":"https:\/\/codexflores.ch\/index.php\/2014\/01\/23\/winterthur-und-st-gallen-vereint-fuer-mahler\/"},"modified":"2014-01-23T07:17:58","modified_gmt":"2014-01-23T07:17:58","slug":"winterthur-und-st-gallen-vereint-fuer-mahler","status":"publish","type":"post","link":"https:\/\/codexflores.ch\/index.php\/2014\/01\/23\/winterthur-und-st-gallen-vereint-fuer-mahler\/","title":{"rendered":"Winterthur und St. Gallen vereint f\u00fcr Mahler"},"content":{"rendered":"<p><span style=\"font-size: small;\"><span style=\"font-family: Arial;\"><span style=\"font-family: Arial;\">23.01.2014 &#8212; Das\u00a0<span style=\"font-family: Arial;\"><span style=\"font-family: Arial;\"> Musikkollegium Winterthur kooperiert f\u00fcr eine Auff\u00fchrung <span style=\"font-family: Arial;\"><span style=\"font-family: Arial;\">von Gustav Mahlers 6. Sinfonie in der Tonhalle St. Gallen und im Theater Winterthur mit dem <\/span><\/span><\/span><\/span>Sinfonieorchester St. Gallen<\/span><\/span><span style=\"font-family: Arial;\"><span style=\"font-family: Arial;\">.<\/span><\/span><\/span><\/p>\n<p>\u00a0<\/p>\n<p><strong><span style=\"font-size: small;\"><span style=\"font-family: Arial;\"><span style=\"font-family: Arial;\">23.01.2014 &#8212; Das\u00a0<span style=\"font-family: Arial;\"><span style=\"font-family: Arial;\"> Musikkollegium Winterthur kooperiert f\u00fcr eine Auff\u00fchrung <span style=\"font-family: Arial;\"><span style=\"font-family: Arial;\">von Gustav Mahlers 6. Sinfonie in der Tonhalle St. Gallen und im Theater Winterthur mit dem <\/span><\/span><\/span><\/span>Sinfonieorchester St. Gallen<\/span><\/span><span style=\"font-family: Arial;\"><span style=\"font-family: Arial;\">.<\/span><\/span><\/span><\/strong><\/p>\n<p><strong><span style=\"font-size: small;\"><span style=\"font-family: Arial;\"><span style=\"font-family: Arial;\">\u00a0<\/span><\/span><\/span><\/strong><\/p>\n<p class=\"TerzettDatum0\"><span style=\"font-family: Arial; font-size: small;\">Nachdem mit den vereinten Orchestern unter Leitung des Winterthurer Chefdirigenten Douglas Boyd in der vergangenen Saison bereits Gustav Mahlers 1. Sinfonie zur Auff\u00fchrung gelangte, stehen am 6. Februar (Tonhalle St. Gallen) und 7. Februar 2014 (Theater Winterthur) unter der Leitung von St. Gallens Chefdirigent Otto Tausk zwei Auff\u00fchrungen von Mahlers 6. Sinfonie a-Moll auf dem Programm.<\/span><\/p>\n<p class=\"TerzettDatum0\"><span style=\"font-family: Arial; font-size: small;\">\u00a0<\/span><\/p>\n<p class=\"TerzettDatum0\"><span style=\"font-family: Arial; font-size: small;\"> Schon f\u00fcr die Urauff\u00fchrung des monumentalen Werkes im Jahr 1906 mussten zwei Orchester zusammengef\u00fchrt werden, St. Gallen und Winterthur folgten also fast so etwas wie einer Auff\u00fchrungstradition, schreibt das Musikkollegium..<\/span><\/p>\n<p>\u00a0<\/p>\n<p align=\"left\"><strong><span style=\"font-family: Arial; font-size: small;\">Infos:<\/span><\/strong><\/p>\n<p align=\"left\"><span style=\"font-family: Arial; font-size: small;\"><span style=\"font-family: Arial;\">6. Tonhallekonzert am Donnerstag, 6. Februar 2014, 19.30 Uhr Tonhalle St. Gallen, Extra-Konzert des Musikkollegiums Winterthur, 7. Februar 2014, 19.30 Uhr Theater Winterthur,\u00a0 Gustav Mahler:\u00a0 <\/span><span style=\"font-family: Arial;\">Sinfonie Nr. 6 a-Moll \u00abTragische\u00bb, <\/span>Otto Tausk, Leitung<\/span><\/p>\n<p>\u00a0<\/p>\n","protected":false},"excerpt":{"rendered":"<p><span style=\"font-size: small;\"><span style=\"font-family: Arial;\"><span style=\"font-family: Arial;\">23.01.2014 &#8212; Das\u00a0<span style=\"font-family: Arial;\"><span style=\"font-family: Arial;\"> Musikkollegium Winterthur kooperiert f\u00fcr eine Auff\u00fchrung <span style=\"font-family: Arial;\"><span style=\"font-family: Arial;\">von Gustav Mahlers 6. Sinfonie in der Tonhalle St. Gallen und im Theater Winterthur mit dem <\/span><\/span><\/span><\/span>Sinfonieorchester St. Gallen<\/span><\/span><span style=\"font-family: Arial;\"><span style=\"font-family: Arial;\">.<\/span><\/span><\/span><\/p>\n","protected":false},"author":1,"featured_media":0,"comment_status":"open","ping_status":"open","sticky":false,"template":"","format":"standard","meta":{"footnotes":""},"categories":[2],"tags":[],"class_list":["post-1161","post","type-post","status-publish","format-standard","hentry","category-nachrichten","entry"],"_links":{"self":[{"href":"https:\/\/codexflores.ch\/index.php\/wp-json\/wp\/v2\/posts\/1161","targetHints":{"allow":["GET"]}}],"collection":[{"href":"https:\/\/codexflores.ch\/index.php\/wp-json\/wp\/v2\/posts"}],"about":[{"href":"https:\/\/codexflores.ch\/index.php\/wp-json\/wp\/v2\/types\/post"}],"author":[{"embeddable":true,"href":"https:\/\/codexflores.ch\/index.php\/wp-json\/wp\/v2\/users\/1"}],"replies":[{"embeddable":true,"href":"https:\/\/codexflores.ch\/index.php\/wp-json\/wp\/v2\/comments?post=1161"}],"version-history":[{"count":0,"href":"https:\/\/codexflores.ch\/index.php\/wp-json\/wp\/v2\/posts\/1161\/revisions"}],"wp:attachment":[{"href":"https:\/\/codexflores.ch\/index.php\/wp-json\/wp\/v2\/media?parent=1161"}],"wp:term":[{"taxonomy":"category","embeddable":true,"href":"https:\/\/codexflores.ch\/index.php\/wp-json\/wp\/v2\/categories?post=1161"},{"taxonomy":"post_tag","embeddable":true,"href":"https:\/\/codexflores.ch\/index.php\/wp-json\/wp\/v2\/tags?post=1161"}],"curies":[{"name":"wp","href":"https:\/\/api.w.org\/{rel}","templated":true}]}}