{"id":1163,"date":"2014-01-23T19:57:21","date_gmt":"2014-01-23T19:57:21","guid":{"rendered":"https:\/\/codexflores.ch\/index.php\/2014\/01\/23\/classic-music-award-2014-fuer-musik-dok-ueber-theresienstadt\/"},"modified":"2014-01-23T19:57:21","modified_gmt":"2014-01-23T19:57:21","slug":"classic-music-award-2014-fuer-musik-dok-ueber-theresienstadt","status":"publish","type":"post","link":"https:\/\/codexflores.ch\/index.php\/2014\/01\/23\/classic-music-award-2014-fuer-musik-dok-ueber-theresienstadt\/","title":{"rendered":"Classic Music Award 2014 f\u00fcr Musik-Dok \u00fcber Theresienstadt"},"content":{"rendered":"<p><span style=\"font-family: arial,helvetica,sans-serif; font-size: small;\"><span style=\"font-family: arial,helvetica,sans-serif; font-size: small;\">24.01.2014 &#8212; Die\u00a0Musikdokumentation \u00abTheresienstadt \u2013 Musik als Zuflucht\u00bb, die unter anderem unter Mitwirkung von\u00a0Anne Sofie von Otter und Daniel Hope realisiert wurde, ist mit dem International Classical Music Award 2014 in der Kategorie Dokumentarfilm ausgezeichnet worden. Das Bayerische Fernsehen zeigt sie n\u00e4chste Woche.<br \/><\/span><\/span><\/p>\n<p>\u00a0<span style=\"font-family: arial,helvetica,sans-serif; font-size: small;\"><strong>24.01.2014 &#8212; Die\u00a0Musikdokumentation \u00abTheresienstadt \u2013 Musik als Zuflucht\u00bb, die unter anderem unter Mitwirkung von\u00a0Anne Sofie von Otter und Daniel Hope realisiert wurde, ist mit dem International Classical Music Award 2014 in der Kategorie Dokumentarfilm ausgezeichnet worden.<span style=\"font-family: arial,helvetica,sans-serif; font-size: small;\"><span style=\"font-family: arial,helvetica,sans-serif; font-size: small;\"> Das Bayerische Fernsehen zeigt sie n\u00e4chste Woche.<\/span><\/span><\/strong><\/span><\/p>\n<p>\u00a0<\/p>\n<p><span style=\"font-size: small; font-family: arial,helvetica,sans-serif;\">Die Dokumentation ist ein Film von Musikern \u00fcber die Musik an einem der dunkelsten Orte der Menschheitsgeschichte. Er vermittelt die\u00a0 Begegnung mit Zeitzeugen, und auch die teilweise sehr pers\u00f6nlichen Beweggr\u00fcnde der n\u00e4chsten Musikergeneration, dem Vergessen entgegenzuwirken. <br \/><\/span><\/p>\n<p><span style=\"font-size: small; font-family: arial,helvetica,sans-serif;\">\u00a0<\/span><\/p>\n<p><span style=\"font-family: arial,helvetica,sans-serif; font-size: small;\">Das Bayerische Fernsehen sendet den Film von Dorothee Binding und\u00a0 Benedict Mirow, bei dem auch Christian Gerhaher, Bebe Risenfors, Bengt Forsberg, Alice Herz-Sommer, Coco Schumann und Gert Heidenreich mitwirkten, am Montag, 27. Januar 2014 um 23.10 Uhr. Anschliessend, um 0.10 Uhr, wird ein Konzert mit Musik aus Theresienstadt ausgestrahlt. <em>(cf)<\/em><\/span><\/p>\n","protected":false},"excerpt":{"rendered":"<p><span style=\"font-family: arial,helvetica,sans-serif; font-size: small;\"><span style=\"font-family: arial,helvetica,sans-serif; font-size: small;\">24.01.2014 &#8212; Die\u00a0Musikdokumentation \u00abTheresienstadt \u2013 Musik als Zuflucht\u00bb, die unter anderem unter Mitwirkung von\u00a0Anne Sofie von Otter und Daniel Hope realisiert wurde, ist mit dem International Classical Music Award 2014 in der Kategorie Dokumentarfilm ausgezeichnet worden. Das Bayerische Fernsehen zeigt sie n\u00e4chste Woche.<br \/><\/span><\/span><\/p>\n","protected":false},"author":1,"featured_media":0,"comment_status":"open","ping_status":"open","sticky":false,"template":"","format":"standard","meta":{"footnotes":""},"categories":[2],"tags":[],"class_list":["post-1163","post","type-post","status-publish","format-standard","hentry","category-nachrichten","entry"],"_links":{"self":[{"href":"https:\/\/codexflores.ch\/index.php\/wp-json\/wp\/v2\/posts\/1163","targetHints":{"allow":["GET"]}}],"collection":[{"href":"https:\/\/codexflores.ch\/index.php\/wp-json\/wp\/v2\/posts"}],"about":[{"href":"https:\/\/codexflores.ch\/index.php\/wp-json\/wp\/v2\/types\/post"}],"author":[{"embeddable":true,"href":"https:\/\/codexflores.ch\/index.php\/wp-json\/wp\/v2\/users\/1"}],"replies":[{"embeddable":true,"href":"https:\/\/codexflores.ch\/index.php\/wp-json\/wp\/v2\/comments?post=1163"}],"version-history":[{"count":0,"href":"https:\/\/codexflores.ch\/index.php\/wp-json\/wp\/v2\/posts\/1163\/revisions"}],"wp:attachment":[{"href":"https:\/\/codexflores.ch\/index.php\/wp-json\/wp\/v2\/media?parent=1163"}],"wp:term":[{"taxonomy":"category","embeddable":true,"href":"https:\/\/codexflores.ch\/index.php\/wp-json\/wp\/v2\/categories?post=1163"},{"taxonomy":"post_tag","embeddable":true,"href":"https:\/\/codexflores.ch\/index.php\/wp-json\/wp\/v2\/tags?post=1163"}],"curies":[{"name":"wp","href":"https:\/\/api.w.org\/{rel}","templated":true}]}}