{"id":1164,"date":"2014-01-23T20:01:14","date_gmt":"2014-01-23T20:01:14","guid":{"rendered":"https:\/\/codexflores.ch\/index.php\/2014\/01\/23\/seyoung-park-gewinnt-vinas-gesangswettbewerb\/"},"modified":"2014-01-23T20:01:14","modified_gmt":"2014-01-23T20:01:14","slug":"seyoung-park-gewinnt-vinas-gesangswettbewerb","status":"publish","type":"post","link":"https:\/\/codexflores.ch\/index.php\/2014\/01\/23\/seyoung-park-gewinnt-vinas-gesangswettbewerb\/","title":{"rendered":"Seyoung Park gewinnt Vi\u00f1as-Gesangswettbewerb"},"content":{"rendered":"<p><span style=\"font-family: Arial; font-size: small;\"><span style=\"font-size: 10.0pt; font-family: Arial;\">24.01.2014 &#8212; Die Sopranistin <span style=\"font-family: Arial; font-size: small;\"><span style=\"font-size: 10.0pt; font-family: Arial;\">Seyoung Park, die an der Berliner <\/span><\/span>Universit\u00e4t der K\u00fcnste studiert, ist <span style=\"font-family: Arial; font-size: small;\"><span style=\"font-size: 10.0pt; font-family: Arial;\">im Gran Teatre del Liceu in Barcelona <\/span><\/span>beim 51. Internationalen Gesangswettbewerb Francisco Vi\u00f1as mit dem mit 20&#8217;000 Euro dotierten Grand Prix Francisco Vi\u00f1as ausgezeichnet worden.<\/span><\/span><\/p>\n<p><strong><span style=\"font-family: Arial; font-size: small;\"><span style=\"font-size: 10pt; font-family: Arial;\">24.01.2014 &#8212; Die Sopranistin <span style=\"font-family: Arial; font-size: small;\"><span style=\"font-size: 10pt; font-family: Arial;\">Seyoung Park, die an der Berliner <\/span><\/span>Universit\u00e4t der K\u00fcnste studiert, ist <span style=\"font-family: Arial; font-size: small;\"><span style=\"font-size: 10pt; font-family: Arial;\">im Gran Teatre del Liceu in Barcelona <\/span><\/span>beim 51. Internationalen Gesangswettbewerb Francisco Vi\u00f1as mit dem mit 20&#8217;000 Euro dotierten Grand Prix Francisco Vi\u00f1as ausgezeichnet worden.<\/span><\/span><\/strong><\/p>\n<p><span style=\"font-family: Arial; font-size: small;\"><span style=\"font-size: 10.0pt; font-family: Arial;\">\u00a0<\/span><\/span><\/p>\n<p><span style=\"font-family: Arial; font-size: small;\"><span style=\"font-size: 10.0pt; font-family: Arial;\"><span style=\"font-family: Arial; font-size: small;\">Zum Preisgeld gibt es f\u00fcr die Spielzeit 2014 einen Vertrag von der Fundaci\u00f3n Gran Teatre del Liceu und dem Teatro Real Madrid. Seyoung Park wurde zudem mit dem Sonderpreis, gestiftet von Montserrat Caball\u00e9 und Bernab\u00e9 Marti, f\u00fcr die beste Verdi-Interpretation ausgezeichnet. Desweiteren erhielt sie einen ausserordentlichen Preis bestehend aus einem Konzert beim Festival Castell de Peralada 2014. <em>(cf)<\/em><br \/><\/span><\/span><\/span><\/p>\n<p><span style=\"font-family: Arial; font-size: small;\">\u00a0<\/span><\/p>\n<p><span style=\"font-family: Arial; font-size: small;\"><span style=\"font-size: 10.0pt; font-family: Arial;\">\u00a0<\/span><\/span><\/p>\n<p>\u00a0<\/p>\n","protected":false},"excerpt":{"rendered":"<p><span style=\"font-family: Arial; font-size: small;\"><span style=\"font-size: 10.0pt; font-family: Arial;\">24.01.2014 &#8212; Die Sopranistin <span style=\"font-family: Arial; font-size: small;\"><span style=\"font-size: 10.0pt; font-family: Arial;\">Seyoung Park, die an der Berliner <\/span><\/span>Universit\u00e4t der K\u00fcnste studiert, ist <span style=\"font-family: Arial; font-size: small;\"><span style=\"font-size: 10.0pt; font-family: Arial;\">im Gran Teatre del Liceu in Barcelona <\/span><\/span>beim 51. Internationalen Gesangswettbewerb Francisco Vi\u00f1as mit dem mit 20&#8217;000 Euro dotierten Grand Prix Francisco Vi\u00f1as ausgezeichnet worden.<\/span><\/span><\/p>\n","protected":false},"author":1,"featured_media":0,"comment_status":"open","ping_status":"open","sticky":false,"template":"","format":"standard","meta":{"footnotes":""},"categories":[2],"tags":[],"class_list":["post-1164","post","type-post","status-publish","format-standard","hentry","category-nachrichten","entry"],"_links":{"self":[{"href":"https:\/\/codexflores.ch\/index.php\/wp-json\/wp\/v2\/posts\/1164","targetHints":{"allow":["GET"]}}],"collection":[{"href":"https:\/\/codexflores.ch\/index.php\/wp-json\/wp\/v2\/posts"}],"about":[{"href":"https:\/\/codexflores.ch\/index.php\/wp-json\/wp\/v2\/types\/post"}],"author":[{"embeddable":true,"href":"https:\/\/codexflores.ch\/index.php\/wp-json\/wp\/v2\/users\/1"}],"replies":[{"embeddable":true,"href":"https:\/\/codexflores.ch\/index.php\/wp-json\/wp\/v2\/comments?post=1164"}],"version-history":[{"count":0,"href":"https:\/\/codexflores.ch\/index.php\/wp-json\/wp\/v2\/posts\/1164\/revisions"}],"wp:attachment":[{"href":"https:\/\/codexflores.ch\/index.php\/wp-json\/wp\/v2\/media?parent=1164"}],"wp:term":[{"taxonomy":"category","embeddable":true,"href":"https:\/\/codexflores.ch\/index.php\/wp-json\/wp\/v2\/categories?post=1164"},{"taxonomy":"post_tag","embeddable":true,"href":"https:\/\/codexflores.ch\/index.php\/wp-json\/wp\/v2\/tags?post=1164"}],"curies":[{"name":"wp","href":"https:\/\/api.w.org\/{rel}","templated":true}]}}