{"id":1166,"date":"2014-01-27T06:40:28","date_gmt":"2014-01-27T06:40:28","guid":{"rendered":"https:\/\/codexflores.ch\/index.php\/2014\/01\/27\/kozena-sagt-wegen-schwangerschaft-konzert-ab\/"},"modified":"2014-01-27T06:40:28","modified_gmt":"2014-01-27T06:40:28","slug":"kozena-sagt-wegen-schwangerschaft-konzert-ab","status":"publish","type":"post","link":"https:\/\/codexflores.ch\/index.php\/2014\/01\/27\/kozena-sagt-wegen-schwangerschaft-konzert-ab\/","title":{"rendered":"Ko\u017een\u00e1 sagt wegen Schwangerschaft Konzert ab"},"content":{"rendered":"<p>27.01.2014 &#8212; Magdalena Ko\u017een\u00e1 ist schwanger und erwartet das Kind Mitte Juni. Ein f\u00fcr den 8. Juni 2014 geplantes Festkonzert im Rahmen der H\u00e4ndel-Festspiele Halle 2014 kann deshalb nicht wie geplant stattfinden. Es soll nun am 23. November realisiert werden, mit dem La Cetra Barockorchester Basel unter Leitung von Andrea Marcon.<\/p>\n<p>\u00a0<\/p>\n<p><strong>27.01.2014 &#8212; Magdalena Ko\u017een\u00e1 ist schwanger und erwartet das Kind Mitte Juni. Ein f\u00fcr den 8. Juni 2014 geplantes Festkonzert im Rahmen der H\u00e4ndel-Festspiele Halle 2014 kann deshalb nicht wie geplant stattfinden. Es soll nun am 23. November realisiert werden, mit dem La Cetra Barockorchester Basel unter Leitung von Andrea Marcon.<\/strong><\/p>\n<p>\u00a0<\/p>\n<p>Anstelle des Festkonzertes mit Magdalena Ko\u017een\u00e1 findet am 8. Juni in Halle in der Konzerthalle Ulrichskirche ein Festkonzert mit Malin Hartelius statt. Begleitet wird sie dabei ebenso vom La Cetra Barockorchester Basel unter Leitung von Andrea Marcon. Die schwedische Sopranistin ist seit Jahren Gast oder Ensemblemitglied bedeutender europ\u00e4ischer Opernh\u00e4user wie der Staatsoper Wien oder dem Opernhaus Z\u00fcrich, wo sie unter anderen alle Mozart-Partien ihres Fachs sang. <\/p>\n<p>\u00a0<\/p>\n<p>Bei dieser Gelegenheit soll dann auch der H\u00e4ndel-Preis der Stadt Halle 2013\/14, vergeben durch die Stiftung H\u00e4ndel-Haus, \u00fcberreicht werden.<em> (cf)<\/em><\/p>\n","protected":false},"excerpt":{"rendered":"<p>27.01.2014 &#8212; Magdalena Ko\u017een\u00e1 ist schwanger und erwartet das Kind Mitte Juni. Ein f\u00fcr den 8. Juni 2014 geplantes Festkonzert im Rahmen der H\u00e4ndel-Festspiele Halle 2014 kann deshalb nicht wie geplant stattfinden. Es soll nun am 23. November realisiert werden, mit dem La Cetra Barockorchester Basel unter Leitung von Andrea Marcon.<\/p>\n","protected":false},"author":1,"featured_media":0,"comment_status":"open","ping_status":"open","sticky":false,"template":"","format":"standard","meta":{"footnotes":""},"categories":[2],"tags":[],"class_list":["post-1166","post","type-post","status-publish","format-standard","hentry","category-nachrichten","entry"],"_links":{"self":[{"href":"https:\/\/codexflores.ch\/index.php\/wp-json\/wp\/v2\/posts\/1166","targetHints":{"allow":["GET"]}}],"collection":[{"href":"https:\/\/codexflores.ch\/index.php\/wp-json\/wp\/v2\/posts"}],"about":[{"href":"https:\/\/codexflores.ch\/index.php\/wp-json\/wp\/v2\/types\/post"}],"author":[{"embeddable":true,"href":"https:\/\/codexflores.ch\/index.php\/wp-json\/wp\/v2\/users\/1"}],"replies":[{"embeddable":true,"href":"https:\/\/codexflores.ch\/index.php\/wp-json\/wp\/v2\/comments?post=1166"}],"version-history":[{"count":0,"href":"https:\/\/codexflores.ch\/index.php\/wp-json\/wp\/v2\/posts\/1166\/revisions"}],"wp:attachment":[{"href":"https:\/\/codexflores.ch\/index.php\/wp-json\/wp\/v2\/media?parent=1166"}],"wp:term":[{"taxonomy":"category","embeddable":true,"href":"https:\/\/codexflores.ch\/index.php\/wp-json\/wp\/v2\/categories?post=1166"},{"taxonomy":"post_tag","embeddable":true,"href":"https:\/\/codexflores.ch\/index.php\/wp-json\/wp\/v2\/tags?post=1166"}],"curies":[{"name":"wp","href":"https:\/\/api.w.org\/{rel}","templated":true}]}}