{"id":1171,"date":"2014-01-27T12:36:36","date_gmt":"2014-01-27T12:36:36","guid":{"rendered":"https:\/\/codexflores.ch\/index.php\/2014\/01\/27\/erste-schritte-zur-umsetzung-der-musikinitiative\/"},"modified":"2014-01-27T12:36:36","modified_gmt":"2014-01-27T12:36:36","slug":"erste-schritte-zur-umsetzung-der-musikinitiative","status":"publish","type":"post","link":"https:\/\/codexflores.ch\/index.php\/2014\/01\/27\/erste-schritte-zur-umsetzung-der-musikinitiative\/","title":{"rendered":"Erste Schritte zur Umsetzung der Musikinitiative"},"content":{"rendered":"<p><center><em>Von Wolfgang B\u00f6hler<\/em><\/center> <\/p>\n<p><span class=\"txt-m-black\"><span class=\"txt-m-black\">\u00a0<\/span><\/span><\/p>\n<p><img decoding=\"async\" src=\"images\/kolumnewb.jpg\" border=\"0\" alt=\"Portr\u00e4t Wolfgang B\u00f6hler\" style=\"float: left; margin: 8px;\" \/><\/p>\n<p>13.12.2013 &#8212; Das Bundesamt f\u00fcr Kultur hat den ersten Bericht vorgelegt, den eine Arbeitsgruppe zur Umsetzung der Musikinitiative erarbeitet hat. Die Initiative ist ja bekanntlich im September 2012 vom Volk \u00fcberaus deutlich angenommen worden. Der Bund beschr\u00e4nkt sich in seinen Umsetzungsvorschl\u00e4gen nun auf die Massnahmen, die in seiner Kompetenz liegen, vor allem die ausserschulische Bildung, die Begabtenf\u00f6rderung im professionellen Bereich und das Laienmusizieren. Dar\u00fcber sind die Initianten nicht ganz gl\u00fccklich, denn eines der Kernanliegen der Initiative war eine St\u00e4rkung des schulischen Musikunterrichts. Er bleibt allerdings in der Kompetenz der Kantone, und der Bund kann bloss dann einschreiten, wenn diese sich nicht auf ein konzertiertes (die Metapher muss sein) Vorgehen einigen k\u00f6nnen. \u00a0Die Mehrheit der Arbeitsgruppe sieht im Bereich der obligatorischen Schule aber immerhin Handlungsbedarf \u00aberstens im Bereich der Lehrerinnen und Lehrerausbildung und zweitens bei der Zusammenarbeit von Schule und Musikschule insbesondere in Bezug auf die Begabtenf\u00f6rderung\u00bb.<\/p>\n<p>\u00a0<\/p>\n<p>Der Arbeitsgruppen-Bericht wird mehrheitlich gelobt und scheint eine gute Grundlage zur Erarbeitung konkreter Umsetzungsmassnahmen. Er identifiziert drei Bereiche mit Handlungsbedarf: Chancenungerechtigkeiten in der musikalischen Bildung sollen abgebaut werden und die Qualit\u00e4t der musikalischen Bildung in der Breiten- und Talentf\u00f6rderung sowie die Zusammenarbeit zwischen den Akteuren der musikalischen Bildung verbessert werden.<\/p>\n<p>\u00a0<\/p>\n<p>In dem Bericht werden schliesslich 37 konkrete Massnahmen benannt. Sie reichen von Vorgaben des Bundes zu den Talentschulen auf Sekundarstufe II (1. Massnahme) \u00fcber eine Verankerung eines obligatorischen Angebots von Musik als Freikurs an Berufsfachschulen (5. Massnahme) oder Musik und Bewegung als Pflichtfach in der Ausbildung der Kindererzieherinnen und \u2013erzieher \u00a0(11. Massnahme) und staatlicher Finanzierung der Infrastruktur von Musikschulen (18. Massnahme) bis zum Aufbau eines musikp\u00e4dagogischen Forschungsprogramms beim Nationalfonds (27. Massnahme) und der M\u00f6glichkeit zur Erteilung einer Lehrbef\u00e4higung f\u00fcr Ausbildende aus dem Laienbereich an Musik und Volksschulen (32. Massnahme). Den Abschluss macht die Anregung der Schaffung und Finanzierung eines Programms Jugend+Musik als Pendant zum Programm Jugend+Sport.<\/p>\n<p>\u00a0<\/p>\n<p>Kultur und Bildung sind Sache der Kantone. Vertreten waren in der Arbeitsgruppe die Schweizerische Konferenz der kantonalen Erziehungsdirektoren (EDK), der Schweizerische St\u00e4dteverband (SSV), der Schweizerische Gemeindeverband (SGV), der Verein \u00abjugend+musik\u00bb, die Interessengemeinschaft \u00abJugend und Musik\u00bb, der Verband Musikschulen Schweiz (VMS), der Schweizer Musikrat (SMR) sowie die Konferenz Musikhochschulen Schweiz (KMHS). Eine sinnvolle Umsetzung der von der Musikinitiative geforderten Verbesserung der musikalischen Bildung ist aber vor allem dann m\u00f6glich, wenn sie nicht theoretische Konzeptarbeit von Funktion\u00e4ren bleibt. Da ist auch an der Basis Mitdenken und Mitdiskutieren gefragt.<\/p>\n<p>\u00a0<\/p>\n<p>Der nicht allzu lange Bericht der Arbeitsgruppe liest sich leicht. Er kann unter anderem von der Webseite des Verbandes der Musikschulen heruntergeladen werden, unter <a href=\"http:\/\/www.musikschule.ch\/images\/getFile?t=news&amp;f=dokument&amp;id=34\" target=\"_blank\" rel=\"noopener noreferrer\">www.musikschule.ch\/images\/getFile?t=news&amp;f=dokument&amp;id=34<\/a>. \u00a0\u00a0\u00a0\u00a0\u00a0<\/p>\n<p>&#8212;&#8212;&#8212;&#8212;&#8212;&#8212;&#8212;&#8212;&#8212;&#8212;&#8212;<br \/>Der Musikphilosoph Wolfgang B\u00f6hler (M.A.) studierte an der Universit\u00e4t Bern Wissenschaftstheorie, Mathematik und Musikwissenschaft. Er ist Chefredaktor des Codex flores Onlinemagazins.<\/p>\n","protected":false},"excerpt":{"rendered":"<p>Von Wolfgang B\u00f6hler \u00a0 13.12.2013 &#8212; Das Bundesamt f\u00fcr Kultur hat den ersten Bericht vorgelegt, den eine Arbeitsgruppe zur Umsetzung&#8230;<\/p>\n","protected":false},"author":1,"featured_media":0,"comment_status":"open","ping_status":"open","sticky":false,"template":"","format":"standard","meta":{"footnotes":""},"categories":[5],"tags":[],"class_list":["post-1171","post","type-post","status-publish","format-standard","hentry","category-editorials","entry"],"_links":{"self":[{"href":"https:\/\/codexflores.ch\/index.php\/wp-json\/wp\/v2\/posts\/1171","targetHints":{"allow":["GET"]}}],"collection":[{"href":"https:\/\/codexflores.ch\/index.php\/wp-json\/wp\/v2\/posts"}],"about":[{"href":"https:\/\/codexflores.ch\/index.php\/wp-json\/wp\/v2\/types\/post"}],"author":[{"embeddable":true,"href":"https:\/\/codexflores.ch\/index.php\/wp-json\/wp\/v2\/users\/1"}],"replies":[{"embeddable":true,"href":"https:\/\/codexflores.ch\/index.php\/wp-json\/wp\/v2\/comments?post=1171"}],"version-history":[{"count":0,"href":"https:\/\/codexflores.ch\/index.php\/wp-json\/wp\/v2\/posts\/1171\/revisions"}],"wp:attachment":[{"href":"https:\/\/codexflores.ch\/index.php\/wp-json\/wp\/v2\/media?parent=1171"}],"wp:term":[{"taxonomy":"category","embeddable":true,"href":"https:\/\/codexflores.ch\/index.php\/wp-json\/wp\/v2\/categories?post=1171"},{"taxonomy":"post_tag","embeddable":true,"href":"https:\/\/codexflores.ch\/index.php\/wp-json\/wp\/v2\/tags?post=1171"}],"curies":[{"name":"wp","href":"https:\/\/api.w.org\/{rel}","templated":true}]}}