{"id":1179,"date":"2014-01-29T07:24:56","date_gmt":"2014-01-29T07:24:56","guid":{"rendered":"https:\/\/codexflores.ch\/index.php\/2014\/01\/29\/tod-des-musikkritikers-karl-loebl\/"},"modified":"2014-01-29T07:24:56","modified_gmt":"2014-01-29T07:24:56","slug":"tod-des-musikkritikers-karl-loebl","status":"publish","type":"post","link":"https:\/\/codexflores.ch\/index.php\/2014\/01\/29\/tod-des-musikkritikers-karl-loebl\/","title":{"rendered":"Tod des Musikkritikers Karl L\u00f6bl"},"content":{"rendered":"<p>29.01.2014 &#8212; Der legend\u00e4re \u00f6sterreichische Musikjournalist Karl L\u00f6bl, der breiten \u00d6ffentlichkeit vor allem bekannt von seiner Radiosendung \u00abLieben sie Klassik?\u00bb, ist im Alter von 83 Jahren einem Krebsleiden erlegen.<\/p>\n<p><strong>29.01.2014 &#8212; Der legend\u00e4re \u00f6sterreichische Musikjournalist Karl L\u00f6bl, der breiten \u00d6ffentlichkeit vor allem bekannt von seiner Radiosendung \u00abLieben sie Klassik?\u00bb, ist im Alter von 83 Jahren einem Krebsleiden erlegen.<\/strong><\/p>\n<p>\u00a0<\/p>\n<p>L\u00f6bl galt als Doyen der \u00f6sterreichischen Musikkritik. Der 1930 in Wien geborene Kritiker studierte Musikwissenschaft und Theaterwissenschaft und besuchte ein Seminar f\u00fcr Musikkritik, von dessen Leiter er laut ORF direkt zur zun\u00e4chst noch britischen <em>Weltpresse<\/em> geholt wurde. <\/p>\n<p>\u00a0<\/p>\n<p>Furore machte der junge Journalist bereits als er bei einem Interview dem damaligen Staatsoperndirektor Karl B\u00f6hm die Aussage entlockte, dass er seine internationale Karriere nicht der Staatsoper zu opfern gedenke &#8211; was dem Direktor seinen Posten kostete und den Weg frei machte f\u00fcr die Direktion von Herbert von Karajan.<\/p>\n<p>\u00a0<\/p>\n<p>Mit seinen scharfz\u00fcngigen Kritiken landete L\u00f6bl auch vor Gericht. F\u00fcr einen Text \u00fcber die S\u00e4ngerin Gertrude Grob-Prandl wurde er 1956 wegen Ver\u00e4chtlichmachung verurteilt. <em>(cf)<\/em><\/p>\n<p>\u00a0<\/p>\n","protected":false},"excerpt":{"rendered":"<p>29.01.2014 &#8212; Der legend\u00e4re \u00f6sterreichische Musikjournalist Karl L\u00f6bl, der breiten \u00d6ffentlichkeit vor allem bekannt von seiner Radiosendung \u00abLieben sie Klassik?\u00bb, ist im Alter von 83 Jahren einem Krebsleiden erlegen.<\/p>\n","protected":false},"author":1,"featured_media":0,"comment_status":"open","ping_status":"open","sticky":false,"template":"","format":"standard","meta":{"footnotes":""},"categories":[2],"tags":[],"class_list":["post-1179","post","type-post","status-publish","format-standard","hentry","category-nachrichten","entry"],"_links":{"self":[{"href":"https:\/\/codexflores.ch\/index.php\/wp-json\/wp\/v2\/posts\/1179","targetHints":{"allow":["GET"]}}],"collection":[{"href":"https:\/\/codexflores.ch\/index.php\/wp-json\/wp\/v2\/posts"}],"about":[{"href":"https:\/\/codexflores.ch\/index.php\/wp-json\/wp\/v2\/types\/post"}],"author":[{"embeddable":true,"href":"https:\/\/codexflores.ch\/index.php\/wp-json\/wp\/v2\/users\/1"}],"replies":[{"embeddable":true,"href":"https:\/\/codexflores.ch\/index.php\/wp-json\/wp\/v2\/comments?post=1179"}],"version-history":[{"count":0,"href":"https:\/\/codexflores.ch\/index.php\/wp-json\/wp\/v2\/posts\/1179\/revisions"}],"wp:attachment":[{"href":"https:\/\/codexflores.ch\/index.php\/wp-json\/wp\/v2\/media?parent=1179"}],"wp:term":[{"taxonomy":"category","embeddable":true,"href":"https:\/\/codexflores.ch\/index.php\/wp-json\/wp\/v2\/categories?post=1179"},{"taxonomy":"post_tag","embeddable":true,"href":"https:\/\/codexflores.ch\/index.php\/wp-json\/wp\/v2\/tags?post=1179"}],"curies":[{"name":"wp","href":"https:\/\/api.w.org\/{rel}","templated":true}]}}