{"id":118,"date":"2014-01-09T13:18:44","date_gmt":"2014-01-09T13:18:44","guid":{"rendered":"https:\/\/codexflores.ch\/index.php\/2014\/01\/09\/schiff-und-das-wohltemperierte-klavier\/"},"modified":"2014-01-09T13:18:44","modified_gmt":"2014-01-09T13:18:44","slug":"schiff-und-das-wohltemperierte-klavier","status":"publish","type":"post","link":"https:\/\/codexflores.ch\/index.php\/2014\/01\/09\/schiff-und-das-wohltemperierte-klavier\/","title":{"rendered":"Schiff und das Wohltemperierte Klavier"},"content":{"rendered":"<p><span class=\"txt-m-black\"><img decoding=\"async\" src=\"http:\/\/212.60.37.143\/bilder\/2012\/121013schiff.jpg\" border=\"0\" align=\"left\" \/><em>12.10.2012 &#8212;<\/em> Das \u00abAlte Testament der Klavierspieler\u00bb (der Dirigent Hans von B\u00fclow), Bachs \u00abWohltemperiertes Klavier\u00bb hat seit Glenn Goulds Jahrhunderteinspielung nichts von seiner Faszination verloren. Es stellt noch immer eine Art spiritueller Meisterpr\u00fcfung heutiger Virtuosen dar, die mehr suchen als den Applaus f\u00fcr Tastendonner und andere Fingerakrobatik. In die Jahre gekommen hat sich damit vor kurzem auch Maurizio Pollini f\u00fcr die Deutsche Grammophon ein diskografisches Denkmal gesetzt (siehe Codex-flores-<a href=\"http:\/\/212.60.37.143\/popular.php?art=92\">Rezension<\/a>), etwa zur gleichen Zeit, in der Andras Schiff den Zyklus in der Z\u00fcrcher Tonhalle live vorgetragen hat. <\/p>\n<p> Ein weiterer mit Z\u00fcrich verbundener Pianist hat das erste Buch \u2013 wie Schiff nun beide \u2013 f\u00fcr das M\u00fcnchner Edellabel ECM in Polycarbonat gebrannt: Till Fellner, der ab 2013 in der Limmatstadt an der Hochschule der K\u00fcnste unterrichten wird. <\/p>\n<p> F\u00fcr ECM, dem der Hang zum Ikonografischen eigen ist, hat in den 1980er-Jahren der sonst als Jazz-Pianist bekannte Keith Jarrett beide B\u00fccher eingespielt. Nun also ein vollst\u00e4ndiger Zyklus von Andras Schiff, der eine eigene Fangemeinde hat. Die Aufnahme hat wie viele ECM-Produktionen akustisch eine rituell-sakrale Aura. Es ist aber auch eine gewisse Sch\u00e4rfe un\u00fcberh\u00f6rbar, die dem Klavier einen Cembaloklang verleiht. <\/p>\n<p> Wie weit das Pianist und Tontechnik bewusst steuern, entzieht sich unserer Kenntnis. Schiff spielt aber nicht zuletzt in den B\u00e4ssen so knapp und definiert, dass man die Vermutung hegen darf, er habe Freude am gezielten Verwirrspiel mit akustischen Tromp-l\u2019oeils. Dadurch erh\u00e4lt sein \u00abWohltemperiertes Klavier\u00bb etwas Transparent-Filigranes. <\/p>\n<p> Mit der Neueinspielung umfasst Schiff einen Lebenszyklus an Auseinandersetzungen mit Bachs Klavierwerk mit erneut implizit zur Diskussion gestellten Frage nach dem richtigen Instrument und Klang f\u00fcr die Tasten-Zyklen des Thomaskantors. In einer Zeit, in der nur die R\u00fcckbesinnung auf historisches Instrumentarium politisch korrekt war, spielte er in den 1980er-Jahren die Bach-Konzerte auf dem modernen Fl\u00fcgel ein. <\/p>\n<p> Schiffs Bach-Projekt ist fast wie Gaudis Kathedrale in Barcelona eine ewige Baustelle. In den kommenden Saisons wird er mehrere der grossen Zyklen \u2013 Partitas, Suiten und Variationen \u2013 auf Tourneen in den USA zu Geh\u00f6r bringen. <em>(wb)<\/em><\/p>\n<p> <em><span class=\"txt-s-black\" style=\"font-size: x-small;\">Andras Schiff: Bachs Wohltemperiertes Klavier, Buch I und II, ECM New Series 2270-73. <\/span><\/em><\/span><\/p>\n","protected":false},"excerpt":{"rendered":"<p>12.10.2012 &#8212; Das \u00abAlte Testament der Klavierspieler\u00bb (der Dirigent Hans von B\u00fclow), Bachs \u00abWohltemperiertes Klavier\u00bb hat seit Glenn Goulds Jahrhunderteinspielung&#8230;<\/p>\n","protected":false},"author":1,"featured_media":0,"comment_status":"open","ping_status":"open","sticky":false,"template":"","format":"standard","meta":{"footnotes":""},"categories":[4],"tags":[],"class_list":["post-118","post","type-post","status-publish","format-standard","hentry","category-im-gespraech","entry"],"_links":{"self":[{"href":"https:\/\/codexflores.ch\/index.php\/wp-json\/wp\/v2\/posts\/118","targetHints":{"allow":["GET"]}}],"collection":[{"href":"https:\/\/codexflores.ch\/index.php\/wp-json\/wp\/v2\/posts"}],"about":[{"href":"https:\/\/codexflores.ch\/index.php\/wp-json\/wp\/v2\/types\/post"}],"author":[{"embeddable":true,"href":"https:\/\/codexflores.ch\/index.php\/wp-json\/wp\/v2\/users\/1"}],"replies":[{"embeddable":true,"href":"https:\/\/codexflores.ch\/index.php\/wp-json\/wp\/v2\/comments?post=118"}],"version-history":[{"count":0,"href":"https:\/\/codexflores.ch\/index.php\/wp-json\/wp\/v2\/posts\/118\/revisions"}],"wp:attachment":[{"href":"https:\/\/codexflores.ch\/index.php\/wp-json\/wp\/v2\/media?parent=118"}],"wp:term":[{"taxonomy":"category","embeddable":true,"href":"https:\/\/codexflores.ch\/index.php\/wp-json\/wp\/v2\/categories?post=118"},{"taxonomy":"post_tag","embeddable":true,"href":"https:\/\/codexflores.ch\/index.php\/wp-json\/wp\/v2\/tags?post=118"}],"curies":[{"name":"wp","href":"https:\/\/api.w.org\/{rel}","templated":true}]}}