{"id":1186,"date":"2014-01-31T09:25:01","date_gmt":"2014-01-31T09:25:01","guid":{"rendered":"https:\/\/codexflores.ch\/index.php\/2014\/01\/31\/siemens-musikpreis-2014-geht-an-peter-guelke\/"},"modified":"2014-01-31T09:25:01","modified_gmt":"2014-01-31T09:25:01","slug":"siemens-musikpreis-2014-geht-an-peter-guelke","status":"publish","type":"post","link":"https:\/\/codexflores.ch\/index.php\/2014\/01\/31\/siemens-musikpreis-2014-geht-an-peter-guelke\/","title":{"rendered":"Siemens-Musikpreis 2014 geht an Peter G\u00fclke"},"content":{"rendered":"<p>31.01.2014 &#8212; Der mit 250&#8217;000 Euro dotierte Ernst-von-Siemens-Musikpreis des Jahres 2014 geht an den Dirigenten und Musikwissenschaftler Peter G\u00fclke, der von 1999 bis 2002 an der Uni Basel als Professor f\u00fcr Musikwissenschaft amtete.<\/p>\n<p><strong>31.01.2014 &#8212; Der mit 250&#8217;000 Euro dotierte Ernst-von-Siemens-Musikpreis des Jahres 2014 geht an den Dirigenten und Musikwissenschaftler Peter G\u00fclke, der von 1999 bis 2002 an der Uni Basel als Professor f\u00fcr Musikwissenschaft amtete.<\/strong><\/p>\n<p>\u00a0<\/p>\n<p>Der 1934 in Weimar geborene G\u00fclke studierte in<span class=\"mw-redirect\"> Weimar, J<\/span>ena und Leipzig. 1958 promovierte er bei Heinrich Besseler. 1983 \u00fcbersiedelte er in die Bundesrepublik Deutschland, und habilitierte 1984 in Berlin bei Carl Dahlhaus. Von 1986 bis 1996 war er Generalmusikdirektor der Stadt Wuppertal, von 1996 bis 2000 zudem Professor f\u00fcr Dirigieren an der Staatlichen Hochschule f\u00fcr Musik Freiburg. <\/p>\n<p>\u00a0<\/p>\n<p>G\u00fclke sei nicht nur ein Grenzg\u00e4nger im vielfachen Wortsinn, sondern ein \u00abWeltenverbinder\u00bb, schreibt die Stiftung in ihrer W\u00fcrdigung. Er schaffe es, immer wieder Br\u00fccken zu schlagen zwischen Theorie und Praxis, Dirigenten und P\u00e4dagogen und nicht zuletzt auch zwischen den musikalischen Welten in der damaligen DDR und der Bundesrepublik.<\/p>\n<p>\u00a0<\/p>\n<p>Im Ganzen vergibt die Ernst von Siemens Musikstiftung drei Millionen Euro an Preis- und F\u00f6rdergeldern. Neben dem mit 250&#8217;000 Euro dotierten Hauptpreis werden je 35&#8217;000 Euro sowie die Produktion einer Portr\u00e4t-<span class=\"caps\">CD<\/span> an Komponisten-F\u00f6rderpreistr\u00e4ger vergeben, die Ende Februar bekannt gegeben werden. Der Rest verteilt sich auf weltweit rund 150 Projekte im Bereich der zeitgen\u00f6ssischen\u00a0Musik. <em>(cf)<\/em><\/p>\n","protected":false},"excerpt":{"rendered":"<p>31.01.2014 &#8212; Der mit 250&#8217;000 Euro dotierte Ernst-von-Siemens-Musikpreis des Jahres 2014 geht an den Dirigenten und Musikwissenschaftler Peter G\u00fclke, der von 1999 bis 2002 an der Uni Basel als Professor f\u00fcr Musikwissenschaft amtete.<\/p>\n","protected":false},"author":1,"featured_media":0,"comment_status":"open","ping_status":"open","sticky":false,"template":"","format":"standard","meta":{"footnotes":""},"categories":[2],"tags":[],"class_list":["post-1186","post","type-post","status-publish","format-standard","hentry","category-nachrichten","entry"],"_links":{"self":[{"href":"https:\/\/codexflores.ch\/index.php\/wp-json\/wp\/v2\/posts\/1186","targetHints":{"allow":["GET"]}}],"collection":[{"href":"https:\/\/codexflores.ch\/index.php\/wp-json\/wp\/v2\/posts"}],"about":[{"href":"https:\/\/codexflores.ch\/index.php\/wp-json\/wp\/v2\/types\/post"}],"author":[{"embeddable":true,"href":"https:\/\/codexflores.ch\/index.php\/wp-json\/wp\/v2\/users\/1"}],"replies":[{"embeddable":true,"href":"https:\/\/codexflores.ch\/index.php\/wp-json\/wp\/v2\/comments?post=1186"}],"version-history":[{"count":0,"href":"https:\/\/codexflores.ch\/index.php\/wp-json\/wp\/v2\/posts\/1186\/revisions"}],"wp:attachment":[{"href":"https:\/\/codexflores.ch\/index.php\/wp-json\/wp\/v2\/media?parent=1186"}],"wp:term":[{"taxonomy":"category","embeddable":true,"href":"https:\/\/codexflores.ch\/index.php\/wp-json\/wp\/v2\/categories?post=1186"},{"taxonomy":"post_tag","embeddable":true,"href":"https:\/\/codexflores.ch\/index.php\/wp-json\/wp\/v2\/tags?post=1186"}],"curies":[{"name":"wp","href":"https:\/\/api.w.org\/{rel}","templated":true}]}}