{"id":1187,"date":"2014-02-01T08:54:51","date_gmt":"2014-02-01T08:54:51","guid":{"rendered":"https:\/\/codexflores.ch\/index.php\/2014\/02\/01\/abbado-und-das-orchestra-mozart-2013-in-luzern\/"},"modified":"2014-02-01T08:54:51","modified_gmt":"2014-02-01T08:54:51","slug":"abbado-und-das-orchestra-mozart-2013-in-luzern","status":"publish","type":"post","link":"https:\/\/codexflores.ch\/index.php\/2014\/02\/01\/abbado-und-das-orchestra-mozart-2013-in-luzern\/","title":{"rendered":"Abbado und das Orchestra Mozart 2013 in Luzern"},"content":{"rendered":"<p><img loading=\"lazy\" decoding=\"async\" src=\"images\/bilder2014\/140201argerich.jpg\" border=\"0\" alt=\"Cover CD\" width=\"100\" height=\"100\" style=\"float: left; margin: 8px;\" \/>31.01.2014 &#8212; Diese CD wird unvermittelt zum Memento mori: Sie dokumentiert dreifach einen bedeutenden Teil dessen, was Lucerne Festival ausmacht und \u2012 wie zur Zeit der Konzerte, die sie dokumentiert, \u00a0nicht zu ahnen war \u2012 in dieser Verk\u00f6rperung unwiederbringlich verloren ist: Zum ersten eigenwillige Interpreten-Pers\u00f6nlichkeiten, zum zweiten <em>Elder Statesmen<\/em> des Musiklebens. Am Vierwaldst\u00e4ttersee sind (respektive waren) dies allen voran Pierre Boulez und Claudio Abbado. Zum dritten Ensembles, aus \u00e4sthetischem oder p\u00e4dagogischem Geiste geboren. Der Spirit of Lucerne, der mittlerweile auch etwas Weihevolles hat und das KKL zu einer Art s\u00e4kularem (?) Gr\u00fcnem H\u00fcgel mit Seeanschluss des 21. Jahrhunderts macht, verdichtete sich auch im M\u00e4rz 2013. In zwei Konzerten standen Werke der Wiener Klassik, von Mozart, Beethoven und Schubert auf dem Programm. Die beiden Mozart-Klavierkonzerte KV 503 und KV 466 sind f\u00fcr dieses Album aus den beiden Konzertabenden herausdestilliert worden.<\/p>\n<p>\u00a0<\/p>\n<p><img loading=\"lazy\" decoding=\"async\" src=\"images\/bilder2014\/140201argerich.jpg\" border=\"0\" alt=\"CD Cover\" width=\"100\" height=\"100\" style=\"float: left; margin: 8px;\" \/>31.01.2014 &#8212; Diese CD wird unvermittelt zum Memento mori: Sie dokumentiert dreifach einen bedeutenden Teil dessen, was Lucerne Festival ausmacht und \u2012 wie zur Zeit der Konzerte, die sie dokumentiert, \u00a0nicht zu ahnen war \u2012 in dieser Verk\u00f6rperung unwiederbringlich verloren ist: Zum ersten eigenwillige Interpreten-Pers\u00f6nlichkeiten, zum zweiten <em>Elder Statesmen<\/em> des Musiklebens. Am Vierwaldst\u00e4ttersee sind (respektive waren) dies allen voran Pierre Boulez und Claudio Abbado. Zum dritten Ensembles, aus \u00e4sthetischem oder p\u00e4dagogischem Geiste geboren. Der Spirit of Lucerne, der mittlerweile auch etwas Weihevolles hat und das KKL zu einer Art s\u00e4kularem (?) Gr\u00fcnem H\u00fcgel mit Seeanschluss des 21. Jahrhunderts macht, verdichtete sich auch im M\u00e4rz 2013. In zwei Konzerten standen Werke der Wiener Klassik, von Mozart, Beethoven und Schubert auf dem Programm. Die beiden Mozart-Klavierkonzerte KV 503 und KV 466 sind f\u00fcr dieses Album aus den beiden Konzertabenden herausdestilliert worden.<\/p>\n<p>\u00a0<\/p>\n<p>Neben Martha Argerich, der ihre Tochter letztes Jahr mit einem weitherum beachteten\u00a0<a href=\"index.php?option=com_content&amp;view=article&amp;id=866&amp;catid=25\">Dokumentarfilm<\/a> ein Denkmal setzte, musizieren hier das Orchestra Mozart und der Dirigent Claudio Abbado. Beide sind Geschichte. Abbado ist kurz vor der Verf\u00fcgbarkeit dieser CD verstorben, das Orchester, das mit ihm stand und fiel, hat seine Aktivit\u00e4ten ebenfalls eingestellt. Letzteres hat etwas weniger von der metaphysischen Endg\u00fcltigkeit des Abschieds seines Gr\u00fcnders, es bleibt aber sehr unwahrscheinlich, dass es wiederbelebt werden kann. Vielleicht f\u00fcr ein Gedenkkonzert? In Luzern?<\/p>\n<p>\u00a0<\/p>\n<p>Nicht zu allen sperrigen Pianistinnen hat Abbado einen Draht gefunden, ein vergleichbares Mozart-Projekt mit H\u00e9l\u00e8ne Grimaud ist an stilistischen und wohl auch charakterlichen Unvereinbarkeiten gescheitert. Dennoch verschafft sich auch die j\u00fcngere Generation in Luzern Geh\u00f6r. Zwar wird im Rahmen von Lucerne Festival zu Ostern auch dieses Jahr ein <em>Grand Old Man<\/em> der Dirigentenzunft gefeiert werden: Der 85-j\u00e4hrige Bernhard Haitink wird Schumann dirigieren. Die \u00abjungen Wilden\u00bb\u00ad werden \u00a0aber genauso konsequent aufgebaut, etwa Gustavo Dudamel und Andris Nelsons. Lucerne Festival verhindert in kluger Vorraussicht, in der Anbetung der Asche zu verharren, wie dies Gustav Mahler so pr\u00e4gnant formuliert hat, und sorgt umsichtig daf\u00fcr, dass das Feuer weitergegeben wird.<\/p>\n<p>\u00a0<\/p>\n<p>Die CD dokumentiert eine dennoch pr\u00e4gende Eigenart von Lucerne Festival: \u00a0Die K\u00fcnstler der \u00e4lteren Generation stossen da bei Veranstaltern und Publikum auf viel Sympathie mit \u00f6ffentlich zelebriertem R\u00fcckzug auf Innerlichkeit, der in dem pr\u00e4tenti\u00f6sen Umfeld des Anlasses mit seinen Hauptsponsoren aus Finanz- und Pharmaindustrie manchmal auch etwas aus hoher Warte wohlfeil Moralisierendes anhaftet. <em>(wb) <\/em>\u00a0\u00a0<\/p>\n<p>\u00a0<\/p>\n<p><strong>Info:<\/strong><\/p>\n<p>Martha Argerich, Claudio Abbado: Mozart, Piano Concertos K 503 &amp; K. 466, Deutsche Grammophon\/Universal, Best.-Nr. 479 1033, verf\u00fcgbar ab 7.02.2014 \u00a0\u00a0\u00a0\u00a0<\/p>\n","protected":false},"excerpt":{"rendered":"<p><img loading=\"lazy\" decoding=\"async\" src=\"images\/bilder2014\/140201argerich.jpg\" border=\"0\" alt=\"Cover CD\" width=\"100\" height=\"100\" style=\"float: left; margin: 8px;\" \/>31.01.2014 &#8212; Diese CD wird unvermittelt zum Memento mori: Sie dokumentiert dreifach einen bedeutenden Teil dessen, was Lucerne Festival ausmacht und \u2012 wie zur Zeit der Konzerte, die sie dokumentiert, \u00a0nicht zu ahnen war \u2012 in dieser Verk\u00f6rperung unwiederbringlich verloren ist: Zum ersten eigenwillige Interpreten-Pers\u00f6nlichkeiten, zum zweiten <em>Elder Statesmen<\/em> des Musiklebens. Am Vierwaldst\u00e4ttersee sind (respektive waren) dies allen voran Pierre Boulez und Claudio Abbado. Zum dritten Ensembles, aus \u00e4sthetischem oder p\u00e4dagogischem Geiste geboren. Der Spirit of Lucerne, der mittlerweile auch etwas Weihevolles hat und das KKL zu einer Art s\u00e4kularem (?) Gr\u00fcnem H\u00fcgel mit Seeanschluss des 21. Jahrhunderts macht, verdichtete sich auch im M\u00e4rz 2013. In zwei Konzerten standen Werke der Wiener Klassik, von Mozart, Beethoven und Schubert auf dem Programm. Die beiden Mozart-Klavierkonzerte KV 503 und KV 466 sind f\u00fcr dieses Album aus den beiden Konzertabenden herausdestilliert worden.<\/p>\n","protected":false},"author":1,"featured_media":0,"comment_status":"open","ping_status":"open","sticky":false,"template":"","format":"standard","meta":{"footnotes":""},"categories":[4],"tags":[],"class_list":["post-1187","post","type-post","status-publish","format-standard","hentry","category-im-gespraech","entry"],"_links":{"self":[{"href":"https:\/\/codexflores.ch\/index.php\/wp-json\/wp\/v2\/posts\/1187","targetHints":{"allow":["GET"]}}],"collection":[{"href":"https:\/\/codexflores.ch\/index.php\/wp-json\/wp\/v2\/posts"}],"about":[{"href":"https:\/\/codexflores.ch\/index.php\/wp-json\/wp\/v2\/types\/post"}],"author":[{"embeddable":true,"href":"https:\/\/codexflores.ch\/index.php\/wp-json\/wp\/v2\/users\/1"}],"replies":[{"embeddable":true,"href":"https:\/\/codexflores.ch\/index.php\/wp-json\/wp\/v2\/comments?post=1187"}],"version-history":[{"count":0,"href":"https:\/\/codexflores.ch\/index.php\/wp-json\/wp\/v2\/posts\/1187\/revisions"}],"wp:attachment":[{"href":"https:\/\/codexflores.ch\/index.php\/wp-json\/wp\/v2\/media?parent=1187"}],"wp:term":[{"taxonomy":"category","embeddable":true,"href":"https:\/\/codexflores.ch\/index.php\/wp-json\/wp\/v2\/categories?post=1187"},{"taxonomy":"post_tag","embeddable":true,"href":"https:\/\/codexflores.ch\/index.php\/wp-json\/wp\/v2\/tags?post=1187"}],"curies":[{"name":"wp","href":"https:\/\/api.w.org\/{rel}","templated":true}]}}