{"id":1196,"date":"2014-02-05T07:39:39","date_gmt":"2014-02-05T07:39:39","guid":{"rendered":"https:\/\/codexflores.ch\/index.php\/2014\/02\/05\/unruhen-in-ungarns-orchesterlandschaft\/"},"modified":"2014-02-05T07:39:39","modified_gmt":"2014-02-05T07:39:39","slug":"unruhen-in-ungarns-orchesterlandschaft","status":"publish","type":"post","link":"https:\/\/codexflores.ch\/index.php\/2014\/02\/05\/unruhen-in-ungarns-orchesterlandschaft\/","title":{"rendered":"Unruhen in Ungarns Orchesterlandschaft"},"content":{"rendered":"<p>05.02.2014 &#8212; Laut einem Bericht des Fachmagazins <em>Resmusica<\/em> ist der Dirigent L\u00e1szl\u00f3 Kov\u00e1cs vom neuen Generaldirektor \u00c1d\u00e1m Horv\u00e1th als musikalischer Leiter des Symphonieorchesters von Miskolc im Nordosten Ungarns abgesetzt worden. Das Magazin vermutet politische Gr\u00fcnde.<\/p>\n<p><strong>05.02.2014 &#8212; Laut einem Bericht des Fachmagazins <em>Resmusica<\/em> ist der Dirigent L\u00e1szl\u00f3 Kov\u00e1cs vom neuen Generaldirektor \u00c1d\u00e1m Horv\u00e1th als musikalischer Leiter des Symphonieorchesters von Miskolc im Nordosten Ungarns abgesetzt worden. Das Magazin vermutet politische Gr\u00fcnde.<\/strong><\/p>\n<p>\u00a0<\/p>\n<p>Die Absetzung sei auf rabiate Art erfolgt, schreibt <em>Resmusica<\/em>, weil Kov\u00e1cs den \u00abneuen politischen Realit\u00e4ten\u00bb nicht entspreche. Kov\u00e1cs habe seine Absetzung aus der Tatsache schliessen m\u00fcssen, dass er in den Unterlagen zum Programm der kommenden Saison nicht erw\u00e4hnt werde.<\/p>\n<p>\u00a0<\/p>\n<p>Kov\u00e1cs amtete 30 Jahre als k\u00fcnstlerischer Leiter des Symphonieorchesters in Miskolc. Er ist ein Abslvent der Ferenc Liszt Akademie in Budapest und Gewinner des Liszt-Preises (1989) und des Bart\u00f3k-P\u00e1sztory-Preises (1993). <em>(cf)<\/em><\/p>\n<p>\u00a0<\/p>\n<p><strong>Originalartikel:<\/strong><\/p>\n<p><a href=\"http:\/\/www.resmusica.com\/2014\/02\/04\/le-chef-dorchestre-laszlo-kovacs-vire-de-son-poste-en-hongrie\/\" target=\"_blank\" rel=\"noopener noreferrer\">www.resmusica.com\/2014\/02\/04\/le-chef-dorchestre-laszlo-kovacs-vire-de-son-poste-en-hongrie\/<\/a><\/p>\n","protected":false},"excerpt":{"rendered":"<p>05.02.2014 &#8212; Laut einem Bericht des Fachmagazins <em>Resmusica<\/em> ist der Dirigent L\u00e1szl\u00f3 Kov\u00e1cs vom neuen Generaldirektor \u00c1d\u00e1m Horv\u00e1th als musikalischer Leiter des Symphonieorchesters von Miskolc im Nordosten Ungarns abgesetzt worden. Das Magazin vermutet politische Gr\u00fcnde.<\/p>\n","protected":false},"author":1,"featured_media":0,"comment_status":"open","ping_status":"open","sticky":false,"template":"","format":"standard","meta":{"footnotes":""},"categories":[2],"tags":[],"class_list":["post-1196","post","type-post","status-publish","format-standard","hentry","category-nachrichten","entry"],"_links":{"self":[{"href":"https:\/\/codexflores.ch\/index.php\/wp-json\/wp\/v2\/posts\/1196","targetHints":{"allow":["GET"]}}],"collection":[{"href":"https:\/\/codexflores.ch\/index.php\/wp-json\/wp\/v2\/posts"}],"about":[{"href":"https:\/\/codexflores.ch\/index.php\/wp-json\/wp\/v2\/types\/post"}],"author":[{"embeddable":true,"href":"https:\/\/codexflores.ch\/index.php\/wp-json\/wp\/v2\/users\/1"}],"replies":[{"embeddable":true,"href":"https:\/\/codexflores.ch\/index.php\/wp-json\/wp\/v2\/comments?post=1196"}],"version-history":[{"count":0,"href":"https:\/\/codexflores.ch\/index.php\/wp-json\/wp\/v2\/posts\/1196\/revisions"}],"wp:attachment":[{"href":"https:\/\/codexflores.ch\/index.php\/wp-json\/wp\/v2\/media?parent=1196"}],"wp:term":[{"taxonomy":"category","embeddable":true,"href":"https:\/\/codexflores.ch\/index.php\/wp-json\/wp\/v2\/categories?post=1196"},{"taxonomy":"post_tag","embeddable":true,"href":"https:\/\/codexflores.ch\/index.php\/wp-json\/wp\/v2\/tags?post=1196"}],"curies":[{"name":"wp","href":"https:\/\/api.w.org\/{rel}","templated":true}]}}