{"id":1201,"date":"2014-02-07T07:30:36","date_gmt":"2014-02-07T07:30:36","guid":{"rendered":"https:\/\/codexflores.ch\/index.php\/2014\/02\/07\/tod-des-frankfurter-chordirigenten-paulus-christmann\/"},"modified":"2014-02-07T07:30:36","modified_gmt":"2014-02-07T07:30:36","slug":"tod-des-frankfurter-chordirigenten-paulus-christmann","status":"publish","type":"post","link":"https:\/\/codexflores.ch\/index.php\/2014\/02\/07\/tod-des-frankfurter-chordirigenten-paulus-christmann\/","title":{"rendered":"Tod des Frankfurter Chordirigenten Paulus Christmann"},"content":{"rendered":"<p><span style=\"font-family: arial,helvetica,sans-serif; font-size: small;\">07.02.2014 &#8212; <span style=\"font-family: arial,helvetica,sans-serif; font-size: small;\">Paulus Christmann<\/span>, Gr\u00fcnder der Frankfurter Mendelssohntage und seit November 2005 Chordirektor der Frankfurter Singakademie, ist im Alter von 43 Jahren v\u00f6llig unerwartet verstorben.<\/span><\/p>\n<p>\u00a0<\/p>\n<p><strong><span style=\"font-family: arial,helvetica,sans-serif; font-size: small;\"><span style=\"font-family: arial,helvetica,sans-serif; font-size: small;\"><span style=\"font-family: arial,helvetica,sans-serif; font-size: small;\">07.02.2014 &#8212; <span style=\"font-family: arial,helvetica,sans-serif; font-size: small;\">Paulus Christmann<\/span>, Gr\u00fcnder der Frankfurter Mendelssohntage und seit November 2005 Chordirektor der Frankfurter Singakademie, ist im Alter von 43 Jahren v\u00f6llig unerwartet verstorben.<\/span><br \/><\/span><\/span><\/strong><\/p>\n<p>\u00a0<\/p>\n<p>Christmann war Initiator und k\u00fcnstlerischer Leiter der Frankfurter Mendelssohntage. Mendelssohn-Werke wurden auch in das Repertoire des Polizeichors aufgenommen, dessen musikalische Leitung Christmann innehatte und dessen Ruf er zu internationaler Beachtung verhalf.<\/p>\n<p>\u00a0<\/p>\n<p>Die F\u00f6rderung der hiesigen Chortradition sei ihm auch als Chordirektor der Frankfurter Singakademie besonders wichtig gewesen, schreibt der Frankfurter Kulturdezernent Felix Semmelroth. Gerade erst konzipierte Christmann die Rhein-Main-Festspiele, die erstmalig in diesem Jahr am 9. M\u00e4rz mit der Matth\u00e4us Passion in der Alten Oper Frankfurt er\u00f6ffnet werden.<\/p>\n<p>\u00a0<\/p>\n<p>Christmann bewies sich ebenfalls als Chefdirigent der Deutschen Philharmonie. Dar\u00fcber hinaus arbeitete der Musikwissenschaftler an dem sinfonischen Repertoire der Deutschen Romantik sowie an einem empirischen musikp\u00e4dagogischen Thema, n\u00e4mlich der Ausbildung von Schulmusikern und Dirigenten. <em>(cf)<\/em> <\/p>\n<p>\u00a0<\/p>\n<p>\u00a0<\/p>\n","protected":false},"excerpt":{"rendered":"<p><span style=\"font-family: arial,helvetica,sans-serif; font-size: small;\">07.02.2014 &#8212; <span style=\"font-family: arial,helvetica,sans-serif; font-size: small;\">Paulus Christmann<\/span>, Gr\u00fcnder der Frankfurter Mendelssohntage und seit November 2005 Chordirektor der Frankfurter Singakademie, ist im Alter von 43 Jahren v\u00f6llig unerwartet verstorben.<\/span><\/p>\n","protected":false},"author":1,"featured_media":0,"comment_status":"open","ping_status":"open","sticky":false,"template":"","format":"standard","meta":{"footnotes":""},"categories":[2],"tags":[],"class_list":["post-1201","post","type-post","status-publish","format-standard","hentry","category-nachrichten","entry"],"_links":{"self":[{"href":"https:\/\/codexflores.ch\/index.php\/wp-json\/wp\/v2\/posts\/1201","targetHints":{"allow":["GET"]}}],"collection":[{"href":"https:\/\/codexflores.ch\/index.php\/wp-json\/wp\/v2\/posts"}],"about":[{"href":"https:\/\/codexflores.ch\/index.php\/wp-json\/wp\/v2\/types\/post"}],"author":[{"embeddable":true,"href":"https:\/\/codexflores.ch\/index.php\/wp-json\/wp\/v2\/users\/1"}],"replies":[{"embeddable":true,"href":"https:\/\/codexflores.ch\/index.php\/wp-json\/wp\/v2\/comments?post=1201"}],"version-history":[{"count":0,"href":"https:\/\/codexflores.ch\/index.php\/wp-json\/wp\/v2\/posts\/1201\/revisions"}],"wp:attachment":[{"href":"https:\/\/codexflores.ch\/index.php\/wp-json\/wp\/v2\/media?parent=1201"}],"wp:term":[{"taxonomy":"category","embeddable":true,"href":"https:\/\/codexflores.ch\/index.php\/wp-json\/wp\/v2\/categories?post=1201"},{"taxonomy":"post_tag","embeddable":true,"href":"https:\/\/codexflores.ch\/index.php\/wp-json\/wp\/v2\/tags?post=1201"}],"curies":[{"name":"wp","href":"https:\/\/api.w.org\/{rel}","templated":true}]}}