{"id":1203,"date":"2014-02-07T08:01:29","date_gmt":"2014-02-07T08:01:29","guid":{"rendered":"https:\/\/codexflores.ch\/index.php\/2014\/02\/07\/tod-der-auschwitz-geigerin-violette-jacquet-silberstein\/"},"modified":"2014-02-07T08:01:29","modified_gmt":"2014-02-07T08:01:29","slug":"tod-der-auschwitz-geigerin-violette-jacquet-silberstein","status":"publish","type":"post","link":"https:\/\/codexflores.ch\/index.php\/2014\/02\/07\/tod-der-auschwitz-geigerin-violette-jacquet-silberstein\/","title":{"rendered":"Tod der Auschwitz-Geigerin Violette Jacquet-Silberstein"},"content":{"rendered":"<p><span style=\"font-family: arial,helvetica,sans-serif; font-size: small;\">07.02.2014 &#8212; Violette Jacquet-Silberstein, eine der Geigerinnen des ber\u00fcchtigten Frauenorchesters im Konzentrationslager Auschwitz-Birkenau, ist laut <em>Le Monde<\/em> im Alter von 88 Jahren einem Herzversagen erlegen.<\/span><\/p>\n<p><strong><span style=\"font-family: arial,helvetica,sans-serif; font-size: small;\"><span style=\"font-family: arial,helvetica,sans-serif; font-size: small;\">07.02.2014 &#8212; Violette Jacquet-Silberstein, eine der Geigerinnen des ber\u00fcchtigten Frauenorchesters im Konzentrationslager Auschwitz-Birkenau, ist laut <em>Le Monde<\/em> im Alter von 88 Jahren einem Herzversagen erlegen.<\/span><\/span><\/strong><\/p>\n<p><span style=\"font-family: arial,helvetica,sans-serif; font-size: small;\">\u00a0<\/span><\/p>\n<p><span style=\"font-family: arial,helvetica,sans-serif; font-size: small;\">Die 1925 in Rum\u00e4nien geborene Violinistin ist in Frankreich aufgewachsen und wurde nach einer Denunziation als J\u00fcdin von der Gestapo 1943 zuerst ins Lager Malines in Belgien und dann nach Auschwitz verschleppt. Ihre Eltern wurden sofort umgebracht, sie selber Teil des Frauenorchesters von Auschwitz.<\/span><\/p>\n<p><span style=\"font-family: arial,helvetica,sans-serif; font-size: small;\">\u00a0<\/span><\/p>\n<p><span style=\"font-family: arial,helvetica,sans-serif; font-size: small;\">In einer Autobiografie erinnert sie sich, wie dieselben Nazi-Schergen, die in der Lage waren, ein Kind vor seiner Mutter kaltbl\u00fctig zu ermorden, beim Anh\u00f6ren eines Kunstliedes Tr\u00e4nen in den Augen haben konnten. 1944 wurden die Musikerinnen nach Bergen-Belsen verbracht, wo die \u00dcberlebenden 1945 befreit wurden. Sp\u00e4ter machte sich <span style=\"font-family: arial,helvetica,sans-serif; font-size: small;\">Violette Jacquet-Silberstein<\/span> in Frankreich einen Namen als Zeitzeugin. <em>(cf)<\/em><br \/><\/span><\/p>\n<p><span style=\"font-family: arial,helvetica,sans-serif; font-size: small;\">\u00a0<\/span><\/p>\n<p>\u00a0<\/p>\n","protected":false},"excerpt":{"rendered":"<p><span style=\"font-family: arial,helvetica,sans-serif; font-size: small;\">07.02.2014 &#8212; Violette Jacquet-Silberstein, eine der Geigerinnen des ber\u00fcchtigten Frauenorchesters im Konzentrationslager Auschwitz-Birkenau, ist laut <em>Le Monde<\/em> im Alter von 88 Jahren einem Herzversagen erlegen.<\/span><\/p>\n","protected":false},"author":1,"featured_media":0,"comment_status":"open","ping_status":"open","sticky":false,"template":"","format":"standard","meta":{"footnotes":""},"categories":[2],"tags":[],"class_list":["post-1203","post","type-post","status-publish","format-standard","hentry","category-nachrichten","entry"],"_links":{"self":[{"href":"https:\/\/codexflores.ch\/index.php\/wp-json\/wp\/v2\/posts\/1203","targetHints":{"allow":["GET"]}}],"collection":[{"href":"https:\/\/codexflores.ch\/index.php\/wp-json\/wp\/v2\/posts"}],"about":[{"href":"https:\/\/codexflores.ch\/index.php\/wp-json\/wp\/v2\/types\/post"}],"author":[{"embeddable":true,"href":"https:\/\/codexflores.ch\/index.php\/wp-json\/wp\/v2\/users\/1"}],"replies":[{"embeddable":true,"href":"https:\/\/codexflores.ch\/index.php\/wp-json\/wp\/v2\/comments?post=1203"}],"version-history":[{"count":0,"href":"https:\/\/codexflores.ch\/index.php\/wp-json\/wp\/v2\/posts\/1203\/revisions"}],"wp:attachment":[{"href":"https:\/\/codexflores.ch\/index.php\/wp-json\/wp\/v2\/media?parent=1203"}],"wp:term":[{"taxonomy":"category","embeddable":true,"href":"https:\/\/codexflores.ch\/index.php\/wp-json\/wp\/v2\/categories?post=1203"},{"taxonomy":"post_tag","embeddable":true,"href":"https:\/\/codexflores.ch\/index.php\/wp-json\/wp\/v2\/tags?post=1203"}],"curies":[{"name":"wp","href":"https:\/\/api.w.org\/{rel}","templated":true}]}}