{"id":1206,"date":"2014-02-10T06:49:36","date_gmt":"2014-02-10T06:49:36","guid":{"rendered":"https:\/\/codexflores.ch\/index.php\/2014\/02\/10\/pujol-gewinnt-ersten-deutschen-chordirigentenpreis\/"},"modified":"2014-02-10T06:49:36","modified_gmt":"2014-02-10T06:49:36","slug":"pujol-gewinnt-ersten-deutschen-chordirigentenpreis","status":"publish","type":"post","link":"https:\/\/codexflores.ch\/index.php\/2014\/02\/10\/pujol-gewinnt-ersten-deutschen-chordirigentenpreis\/","title":{"rendered":"Pujol gewinnt ersten Deutschen Chordirigentenpreis"},"content":{"rendered":"<p><span style=\"font-family: arial,helvetica,sans-serif; font-size: small;\">10.02.2014 &#8212; Auf Initiative des Deutschen Musikrates ist in Zusammenarbeit mit dem RIAS Kammerchor der erste deutsche Wettbewerb f\u00fcr Chordirigenten ausgetragen worden. Gewonnen hat ihn\u00a0<span style=\"font-size: 10.0pt; line-height: 150%; font-family: 'Arial','sans-serif';\"> der 31-j\u00e4hrige <span style=\"font-size: 10.0pt; line-height: 150%; font-family: 'Arial','sans-serif';\">Chordirektor und Kapellmeister am Theater G\u00f6rlitz<\/span> Manuel Pujol.<\/span><\/span><\/p>\n<p><strong><span style=\"font-family: arial,helvetica,sans-serif; font-size: small;\"><span style=\"font-size: 10pt; line-height: 150%; font-family: 'Arial','sans-serif';\"><span style=\"font-family: arial,helvetica,sans-serif; font-size: small;\">10.02.2014 &#8212; Auf Initiative des Deutschen Musikrates ist in Zusammenarbeit mit dem RIAS Kammerchor der erste deutsche Wettbewerb f\u00fcr Chordirigenten ausgetragen worden. Gewonnen hat ihn\u00a0<span style=\"font-size: 10pt; line-height: 150%; font-family: 'Arial','sans-serif';\"> der 31-j\u00e4hrige <span style=\"font-size: 10pt; line-height: 150%; font-family: 'Arial','sans-serif';\">Chordirektor und Kapellmeister am Theater G\u00f6rlitz<\/span> Manuel Pujol.<\/span><\/span><\/span><\/span><\/strong><span style=\"font-family: arial,helvetica,sans-serif; font-size: small;\"><span style=\"font-size: 10.0pt; line-height: 150%; font-family: 'Arial','sans-serif';\"> <br \/><\/span><\/span><\/p>\n<p><span style=\"font-family: arial,helvetica,sans-serif; font-size: small;\">\u00a0<\/span><\/p>\n<p><span style=\"font-family: arial,helvetica,sans-serif; font-size: small;\"><span style=\"font-size: 10.0pt; line-height: 150%; font-family: 'Arial','sans-serif';\"><span style=\"font-family: arial,helvetica,sans-serif; font-size: small;\"><span style=\"font-size: 10.0pt; line-height: 150%; font-family: 'Arial','sans-serif';\"><span style=\"font-size: 10.0pt; line-height: 150%; font-family: 'Arial','sans-serif';\">Das Preisgeld betr\u00e4gt 5000 Euro und ist von der Deutschen Orchestervereinigung (DOV) und der Vereinigung deutscher Opernch\u00f6re und B\u00fchnent\u00e4nzer (VdO) gestiftet worden. <br \/><\/span><\/span><\/span><\/span><\/span><\/p>\n<p>\u00a0<\/p>\n<p><span style=\"font-family: arial,helvetica,sans-serif; font-size: small;\"><span style=\"font-size: 10.0pt; line-height: 150%; font-family: 'Arial','sans-serif';\">Die Auslobung des Preises setzt den Endpunkt hinter eine mehrj\u00e4hrige F\u00f6rderung des Deutschen Musikrates. Die Finalisten Tobias L\u00f6bner, Manuel Pujol und Cornelius Volke haben sich durch ihre mehrj\u00e4hrige erfolgreiche Teilnahme am F\u00f6rderprogramm Dirigentenforum-Chor f\u00fcr das Finalkonzert qualifiziert.<\/span><\/span><\/p>\n<p><span style=\"font-family: arial,helvetica,sans-serif; font-size: small;\"><span style=\"font-size: 10.0pt; line-height: 150%; font-family: 'Arial','sans-serif';\">\u00a0<\/span><\/span><\/p>\n<p><span style=\"font-family: arial,helvetica,sans-serif; font-size: small;\"><span style=\"font-size: 10.0pt; line-height: 150%; font-family: 'Arial','sans-serif';\"><span style=\"font-size: 10.0pt; line-height: 150%; font-family: 'Arial','sans-serif';\"><span style=\"font-size: 10.0pt; line-height: 150%; font-family: 'Arial','sans-serif';\"><span style=\"font-family: arial,helvetica,sans-serif; font-size: small;\"><span style=\"font-size: 10.0pt; line-height: 150%; font-family: 'Arial','sans-serif';\"><span style=\"font-size: 10.0pt; line-height: 150%; font-family: 'Arial','sans-serif';\"><span style=\"font-size: 10.0pt; line-height: 150%; font-family: 'Arial','sans-serif';\">Manuel Pujol\u00a0 <\/span><\/span><\/span><\/span>hat von 2003 bis 2008 Orchester- und Chordirigieren an der Musikhochschule Carl Maria von Weber Dresden studiert, und zwar bei Ekkehard Klemm, Christian Kluttig und Hans-Christoph Rademann. Im Anschluss daran hat er ein Aufbaustudium an der Hochschule f\u00fcr Musik Franz Liszt Weimar bei Anthony Bramall und Nicol\u00e1s Pasquet absolviert.<em> (cf) <\/em><\/span><\/span><\/span><\/span><\/p>\n","protected":false},"excerpt":{"rendered":"<p><span style=\"font-family: arial,helvetica,sans-serif; font-size: small;\">10.02.2014 &#8212; Auf Initiative des Deutschen Musikrates ist in Zusammenarbeit mit dem RIAS Kammerchor der erste deutsche Wettbewerb f\u00fcr Chordirigenten ausgetragen worden. Gewonnen hat ihn\u00a0<span style=\"font-size: 10.0pt; line-height: 150%; font-family: 'Arial','sans-serif';\"> der 31-j\u00e4hrige <span style=\"font-size: 10.0pt; line-height: 150%; font-family: 'Arial','sans-serif';\">Chordirektor und Kapellmeister am Theater G\u00f6rlitz<\/span> Manuel Pujol.<\/span><\/span><\/p>\n","protected":false},"author":1,"featured_media":0,"comment_status":"open","ping_status":"open","sticky":false,"template":"","format":"standard","meta":{"footnotes":""},"categories":[2],"tags":[],"class_list":["post-1206","post","type-post","status-publish","format-standard","hentry","category-nachrichten","entry"],"_links":{"self":[{"href":"https:\/\/codexflores.ch\/index.php\/wp-json\/wp\/v2\/posts\/1206","targetHints":{"allow":["GET"]}}],"collection":[{"href":"https:\/\/codexflores.ch\/index.php\/wp-json\/wp\/v2\/posts"}],"about":[{"href":"https:\/\/codexflores.ch\/index.php\/wp-json\/wp\/v2\/types\/post"}],"author":[{"embeddable":true,"href":"https:\/\/codexflores.ch\/index.php\/wp-json\/wp\/v2\/users\/1"}],"replies":[{"embeddable":true,"href":"https:\/\/codexflores.ch\/index.php\/wp-json\/wp\/v2\/comments?post=1206"}],"version-history":[{"count":0,"href":"https:\/\/codexflores.ch\/index.php\/wp-json\/wp\/v2\/posts\/1206\/revisions"}],"wp:attachment":[{"href":"https:\/\/codexflores.ch\/index.php\/wp-json\/wp\/v2\/media?parent=1206"}],"wp:term":[{"taxonomy":"category","embeddable":true,"href":"https:\/\/codexflores.ch\/index.php\/wp-json\/wp\/v2\/categories?post=1206"},{"taxonomy":"post_tag","embeddable":true,"href":"https:\/\/codexflores.ch\/index.php\/wp-json\/wp\/v2\/tags?post=1206"}],"curies":[{"name":"wp","href":"https:\/\/api.w.org\/{rel}","templated":true}]}}