{"id":1208,"date":"2014-02-10T07:27:31","date_gmt":"2014-02-10T07:27:31","guid":{"rendered":"https:\/\/codexflores.ch\/index.php\/2014\/02\/10\/muti-laesst-abbados-orchestra-mozart-noch-einmal-aufleben\/"},"modified":"2014-02-10T07:27:31","modified_gmt":"2014-02-10T07:27:31","slug":"muti-laesst-abbados-orchestra-mozart-noch-einmal-aufleben","status":"publish","type":"post","link":"https:\/\/codexflores.ch\/index.php\/2014\/02\/10\/muti-laesst-abbados-orchestra-mozart-noch-einmal-aufleben\/","title":{"rendered":"Muti l\u00e4sst Abbados Orchestra Mozart noch einmal aufleben"},"content":{"rendered":"<p>10.02.2014 &#8212; Mit dem Tod Claudio Abbados scheint auch das Schicksal des von ihm gegr\u00fcndeten und in finanzieller Not steckende Orchestra Mozart besiegelt. Riccardo Muti will es nun zumindest f\u00fcr ein Gedenkkonzert in Italien noch einmal zusammenrufen.<\/p>\n<p>\u00a0<\/p>\n<p><strong>10.02.2014 &#8212; Mit dem Tod Claudio Abbados scheint auch das Schicksal des von ihm gegr\u00fcndeten und in finanzieller Not steckende Orchestra Mozart besiegelt. Riccardo Muti will es nun zumindest f\u00fcr ein Gedenkkonzert in Italien noch einmal zusammenrufen.<\/strong><\/p>\n<p>\u00a0<\/p>\n<p>Muti wird das Orchester laut einer Meldung des <em>Corriere di Bologna<\/em> am 30. Juni dieses Jahres im Rahmen des Ravenna Festivals dirigieren.<\/p>\n<p>\u00a0<\/p>\n<p>Das Orchester hat seine Aktivit\u00e4ten eingestellt, weil es ohne seinen Gr\u00fcnder als Dirigent nicht in der Lage ist, Sponsoren f\u00fcr eine weitere Konzertaktivit\u00e4t zu gewinnen. Deren Betr\u00e4ge standen und fielen mit dem klangvollen Namen Abbados.<em> (cf)<\/em><\/p>\n","protected":false},"excerpt":{"rendered":"<p>10.02.2014 &#8212; Mit dem Tod Claudio Abbados scheint auch das Schicksal des von ihm gegr\u00fcndeten und in finanzieller Not steckende Orchestra Mozart besiegelt. Riccardo Muti will es nun zumindest f\u00fcr ein Gedenkkonzert in Italien noch einmal zusammenrufen.<\/p>\n","protected":false},"author":1,"featured_media":0,"comment_status":"open","ping_status":"open","sticky":false,"template":"","format":"standard","meta":{"footnotes":""},"categories":[2],"tags":[],"class_list":["post-1208","post","type-post","status-publish","format-standard","hentry","category-nachrichten","entry"],"_links":{"self":[{"href":"https:\/\/codexflores.ch\/index.php\/wp-json\/wp\/v2\/posts\/1208","targetHints":{"allow":["GET"]}}],"collection":[{"href":"https:\/\/codexflores.ch\/index.php\/wp-json\/wp\/v2\/posts"}],"about":[{"href":"https:\/\/codexflores.ch\/index.php\/wp-json\/wp\/v2\/types\/post"}],"author":[{"embeddable":true,"href":"https:\/\/codexflores.ch\/index.php\/wp-json\/wp\/v2\/users\/1"}],"replies":[{"embeddable":true,"href":"https:\/\/codexflores.ch\/index.php\/wp-json\/wp\/v2\/comments?post=1208"}],"version-history":[{"count":0,"href":"https:\/\/codexflores.ch\/index.php\/wp-json\/wp\/v2\/posts\/1208\/revisions"}],"wp:attachment":[{"href":"https:\/\/codexflores.ch\/index.php\/wp-json\/wp\/v2\/media?parent=1208"}],"wp:term":[{"taxonomy":"category","embeddable":true,"href":"https:\/\/codexflores.ch\/index.php\/wp-json\/wp\/v2\/categories?post=1208"},{"taxonomy":"post_tag","embeddable":true,"href":"https:\/\/codexflores.ch\/index.php\/wp-json\/wp\/v2\/tags?post=1208"}],"curies":[{"name":"wp","href":"https:\/\/api.w.org\/{rel}","templated":true}]}}