{"id":1211,"date":"2014-02-11T06:54:54","date_gmt":"2014-02-11T06:54:54","guid":{"rendered":"https:\/\/codexflores.ch\/index.php\/2014\/02\/11\/erste-bachwochen-nach-helmut-rilling\/"},"modified":"2014-02-11T06:54:54","modified_gmt":"2014-02-11T06:54:54","slug":"erste-bachwochen-nach-helmut-rilling","status":"publish","type":"post","link":"https:\/\/codexflores.ch\/index.php\/2014\/02\/11\/erste-bachwochen-nach-helmut-rilling\/","title":{"rendered":"Erste Bachwochen nach Helmut Rilling"},"content":{"rendered":"<p><span style=\"font-family: arial,helvetica,sans-serif; font-size: small;\">11.02.2014 &#8212; Am 2. M\u00e4rz beginnt die 16. Bachwoche Stuttgart, die erste unter der neuen k\u00fcnstlerischen Leitung von\u00a0Hans-Christoph Rademann. Es gibt einige Neuerungen. Und eine Orchesterreise nach Tunesien.<\/span><\/p>\n<p><strong><span style=\"font-family: arial,helvetica,sans-serif; font-size: small;\"><span style=\"font-family: arial,helvetica,sans-serif; font-size: small;\">11.02.2014 &#8212; Am 2. M\u00e4rz beginnt die 16. Bachwoche Stuttgart, die erste unter der neuen k\u00fcnstlerischen Leitung von\u00a0Hans-Christoph Rademann. Es gibt einige Neuerungen. Und eine Orchesterreise nach Tunesien.<\/span><\/span><\/strong><\/p>\n<p>\u00a0<\/p>\n<p><span style=\"font-size: small; font-family: arial,helvetica,sans-serif;\">Erstmals findet im Rahmen der Bachwoche ein Meisterkurs f\u00fcr Ensemblegesang statt, den das Calmus Ensemble Leipzig bestreitet. Calmus mit einer Besetzung aus Sopranistin, Countertenor, Tenor, Bariton und Bass ist heutzutage eine der erfolgreichsten Vokalgruppen Deutschlands. Neu sind diesmal auch vier Werkstattkonzerte: Sie pr\u00e4sentieren nicht nur die Ergebnisse der Kursarbeit, sondern beleuchten und erkl\u00e4ren die Musik auf je eigene Weise: durch Tanz, durch Visualisierungen, aber auch im Gespr\u00e4ch mit Theologen und Psychotherapeuten.<\/span><\/p>\n<p>\u00a0<\/p>\n<p><span style=\"font-family: arial,helvetica,sans-serif; font-size: small;\">Auch 2014 wird das Junge Stuttgarter Bach-Ensemble die Konzerte wieder begleiten. Aus nahezu 25 L\u00e4ndern reisen die jungen Musikerinnen und Musiker an, um unter Hans-Christoph Rademann Werke des Leipziger Thomaskantors einzustudieren. Die Solo-Partien \u00fcbernehmen Teilnehmer des Meisterkurses Ensemblegesang, der 2014 vom Calmus Ensemble Leipzig geleitet wird.<\/span><\/p>\n<p><span style=\"font-family: arial,helvetica,sans-serif; font-size: small;\">\u00a0<\/span><\/p>\n<p><span style=\"font-family: arial,helvetica,sans-serif; font-size: small;\"> Im Anschluss an die Bachwoche reist das gesamte JSB Ensemble und ein ausgew\u00e4hltes Gesangsensemble anl\u00e4sslich des 100-j\u00e4hrigen Jubil\u00e4ums der legend\u00e4ren K\u00fcnstlerreisen von August Macke und Paul Klee nach Tunesien und konzertieren mit dem Bachprogramm in der Kathedrale von Karthago und dem Teatro Municipal in Tunis.\u00a0 Zahlreiche politische Prominenz soll diesem Konzert beiwohnen.<em> (cf)<\/em><\/span><\/p>\n<p><span style=\"font-family: arial,helvetica,sans-serif; font-size: small;\"><em>\u00a0<\/em><\/span><\/p>\n<p><span style=\"font-family: arial,helvetica,sans-serif; font-size: small;\"><strong>Mehr Infos<\/strong>: <a href=\"http:\/\/www.bachakademie.de\" target=\"_blank\" title=\"Bachakademie\" rel=\"noopener noreferrer\">www.bachakademie.de<\/a><em><br \/><\/em><\/span><\/p>\n","protected":false},"excerpt":{"rendered":"<p><span style=\"font-family: arial,helvetica,sans-serif; font-size: small;\">11.02.2014 &#8212; Am 2. M\u00e4rz beginnt die 16. Bachwoche Stuttgart, die erste unter der neuen k\u00fcnstlerischen Leitung von\u00a0Hans-Christoph Rademann. Es gibt einige Neuerungen. Und eine Orchesterreise nach Tunesien.<\/span><\/p>\n","protected":false},"author":1,"featured_media":0,"comment_status":"open","ping_status":"open","sticky":false,"template":"","format":"standard","meta":{"footnotes":""},"categories":[2],"tags":[],"class_list":["post-1211","post","type-post","status-publish","format-standard","hentry","category-nachrichten","entry"],"_links":{"self":[{"href":"https:\/\/codexflores.ch\/index.php\/wp-json\/wp\/v2\/posts\/1211","targetHints":{"allow":["GET"]}}],"collection":[{"href":"https:\/\/codexflores.ch\/index.php\/wp-json\/wp\/v2\/posts"}],"about":[{"href":"https:\/\/codexflores.ch\/index.php\/wp-json\/wp\/v2\/types\/post"}],"author":[{"embeddable":true,"href":"https:\/\/codexflores.ch\/index.php\/wp-json\/wp\/v2\/users\/1"}],"replies":[{"embeddable":true,"href":"https:\/\/codexflores.ch\/index.php\/wp-json\/wp\/v2\/comments?post=1211"}],"version-history":[{"count":0,"href":"https:\/\/codexflores.ch\/index.php\/wp-json\/wp\/v2\/posts\/1211\/revisions"}],"wp:attachment":[{"href":"https:\/\/codexflores.ch\/index.php\/wp-json\/wp\/v2\/media?parent=1211"}],"wp:term":[{"taxonomy":"category","embeddable":true,"href":"https:\/\/codexflores.ch\/index.php\/wp-json\/wp\/v2\/categories?post=1211"},{"taxonomy":"post_tag","embeddable":true,"href":"https:\/\/codexflores.ch\/index.php\/wp-json\/wp\/v2\/tags?post=1211"}],"curies":[{"name":"wp","href":"https:\/\/api.w.org\/{rel}","templated":true}]}}