{"id":1212,"date":"2014-02-11T06:59:39","date_gmt":"2014-02-11T06:59:39","guid":{"rendered":"https:\/\/codexflores.ch\/index.php\/2014\/02\/11\/grosses-verdienstkreuz-fuer-verleger-hanser-strecker\/"},"modified":"2014-02-11T06:59:39","modified_gmt":"2014-02-11T06:59:39","slug":"grosses-verdienstkreuz-fuer-verleger-hanser-strecker","status":"publish","type":"post","link":"https:\/\/codexflores.ch\/index.php\/2014\/02\/11\/grosses-verdienstkreuz-fuer-verleger-hanser-strecker\/","title":{"rendered":"Grosses Verdienstkreuz f\u00fcr Verleger Hanser-Strecker"},"content":{"rendered":"<p><span style=\"font-family: arial,helvetica,sans-serif; font-size: small;\">11.02.2014 &#8212; Der Musikverleger Peter Hanser-Strecker wird mit dem Grossen Verdienstkreuz des Verdienstordens der Bundesrepublik Deutschland ausgezeichnet.<\/span><\/p>\n<p><strong><span style=\"font-family: arial,helvetica,sans-serif; font-size: small;\">11.02.2014 &#8212; Der Musikverleger Peter Hanser-Strecker wird mit dem Grossen Verdienstkreuz des Verdienstordens der Bundesrepublik Deutschland ausgezeichnet.<\/span><\/strong><\/p>\n<p><span style=\"font-family: arial,helvetica,sans-serif; font-size: small;\">\u00a0<\/span><\/p>\n<p><span style=\"font-size: small;\">Hanser-Strecker ist seit 1983 Vorsitzender der Gesch\u00e4ftsf\u00fchrung von Schott Music. Er gilt als eine der pr\u00e4genden Verlegerpers\u00f6nlichkeiten des heutigen internationalen Musiklebens. Mit der Auszeichnung werden neben seinen musikverlegerischen Leistungen auch seine Verdienste um die Kultur- und Nachwuchsf\u00f6rderung, seine ehrenamtliche Arbeit in zahlreichen Verb\u00e4nden sowie sein hohes soziales Engagement gew\u00fcrdigt.<\/span><\/p>\n<p><span style=\"font-size: small;\">\u00a0<\/span><\/p>\n<p><span style=\"font-size: small; font-family: arial,helvetica,sans-serif;\">Die rheinland-pf\u00e4lzische Ministerpr\u00e4sidentin Malu Dreyer \u00fcberreicht das Verdienstkreuz am 12. Februar 2014 um im Festsaal der Staatskanzlei Rheinland-Pfalz in Mainz. Die durch den Bundespr\u00e4sidenten verliehene Ehrung ist die vierte Stufe des Verdienstordens. <em>(cf)<\/em><\/span><\/p>\n<p><span style=\"font-size: small; font-family: arial,helvetica,sans-serif;\">\u00a0<\/span><\/p>\n<p><span style=\"font-size: small;\">\u00a0<\/span><\/p>\n<p><span style=\"font-family: arial,helvetica,sans-serif; font-size: small;\">\u00a0<\/span><\/p>\n<p>\u00a0<\/p>\n","protected":false},"excerpt":{"rendered":"<p><span style=\"font-family: arial,helvetica,sans-serif; font-size: small;\">11.02.2014 &#8212; Der Musikverleger Peter Hanser-Strecker wird mit dem Grossen Verdienstkreuz des Verdienstordens der Bundesrepublik Deutschland ausgezeichnet.<\/span><\/p>\n","protected":false},"author":1,"featured_media":0,"comment_status":"open","ping_status":"open","sticky":false,"template":"","format":"standard","meta":{"footnotes":""},"categories":[2],"tags":[],"class_list":["post-1212","post","type-post","status-publish","format-standard","hentry","category-nachrichten","entry"],"_links":{"self":[{"href":"https:\/\/codexflores.ch\/index.php\/wp-json\/wp\/v2\/posts\/1212","targetHints":{"allow":["GET"]}}],"collection":[{"href":"https:\/\/codexflores.ch\/index.php\/wp-json\/wp\/v2\/posts"}],"about":[{"href":"https:\/\/codexflores.ch\/index.php\/wp-json\/wp\/v2\/types\/post"}],"author":[{"embeddable":true,"href":"https:\/\/codexflores.ch\/index.php\/wp-json\/wp\/v2\/users\/1"}],"replies":[{"embeddable":true,"href":"https:\/\/codexflores.ch\/index.php\/wp-json\/wp\/v2\/comments?post=1212"}],"version-history":[{"count":0,"href":"https:\/\/codexflores.ch\/index.php\/wp-json\/wp\/v2\/posts\/1212\/revisions"}],"wp:attachment":[{"href":"https:\/\/codexflores.ch\/index.php\/wp-json\/wp\/v2\/media?parent=1212"}],"wp:term":[{"taxonomy":"category","embeddable":true,"href":"https:\/\/codexflores.ch\/index.php\/wp-json\/wp\/v2\/categories?post=1212"},{"taxonomy":"post_tag","embeddable":true,"href":"https:\/\/codexflores.ch\/index.php\/wp-json\/wp\/v2\/tags?post=1212"}],"curies":[{"name":"wp","href":"https:\/\/api.w.org\/{rel}","templated":true}]}}