{"id":1213,"date":"2014-02-11T07:27:23","date_gmt":"2014-02-11T07:27:23","guid":{"rendered":"https:\/\/codexflores.ch\/index.php\/2014\/02\/11\/ivor-bolton-wird-in-madird-musikdirektor\/"},"modified":"2014-02-11T07:27:23","modified_gmt":"2014-02-11T07:27:23","slug":"ivor-bolton-wird-in-madird-musikdirektor","status":"publish","type":"post","link":"https:\/\/codexflores.ch\/index.php\/2014\/02\/11\/ivor-bolton-wird-in-madird-musikdirektor\/","title":{"rendered":"Bolton Musikdirektor des Teatro Real de Madrid"},"content":{"rendered":"<p>11.02.2014 &#8212; Ivor Bolton, der 1958 geborene Leiter des <span class=\"st\">Mozarteum-Orchesters Salzburg, wird auf Vorschlag von Generaldirektor Joan Matabosch mit Beginn der Saison 2015\/16 Musikdirektor des Teatro Real in Madrid.<\/span><\/p>\n<p><strong><span class=\"st\">11.02.2014 &#8212; Ivor Bolton, der 1958 geborene Leiter des <span class=\"st\">Mozarteum-Orchesters Salzburg, wird auf Vorschlag von Generaldirektor Joan Matabosch mit Beginn der Saison 2015\/16 Musikdirektor des Teatro Real in Madrid.<\/span><\/span><\/strong><\/p>\n<p><span class=\"st\"><span class=\"st\">\u00a0<\/span><\/span><\/p>\n<p><span class=\"st\"><span class=\"st\">Boltons Madrider Vertrag hat vorerst eine Laufzeit von f\u00fcnf Jahren. Das Amt des <span class=\"st\">Musikdirektor des Teatro Real in Madrid<\/span> war w\u00e4hrend der abrupt beendeten \u00c4ra mit G\u00e9rard Mortier als Leiter unbesetzt. Zuvor hatte Jes\u00fas L\u00f3pez Cobos den Posten inne. Bolton soll pro Saison drei Opern und mehrere Konzerte pers\u00f6nlich leiten.<br \/><\/span><\/span><\/p>\n<p><span class=\"st\"><span class=\"st\">\u00a0<\/span><\/span><\/p>\n<p><span class=\"st\"><span class=\"st\">Bolton, ein Absolvent der <span class=\"mw-redirect\">Universit\u00e4t Cambridge und des\u00a0<\/span>Royal College of Music, war von 1992 bis 1997 Musikdirektor der Glyndebourne Touring Opera und von 1994 bis 1996 Chefdirigent des Scottish Chamber Orchestra. 1998 erhielt er den Bayerischen Theaterpreis.<em> (cf)<\/em><br \/><\/span><\/span><\/p>\n<p><span class=\"st\">\u00a0<\/span><\/p>\n<p>\u00a0<\/p>\n","protected":false},"excerpt":{"rendered":"<p>11.02.2014 &#8212; Ivor Bolton, der 1958 geborene Leiter des <span class=\"st\">Mozarteum-Orchesters Salzburg, wird auf Vorschlag von Generaldirektor Joan Matabosch mit Beginn der Saison 2015\/16 Musikdirektor des Teatro Real in Madrid.<\/span><\/p>\n","protected":false},"author":1,"featured_media":0,"comment_status":"open","ping_status":"open","sticky":false,"template":"","format":"standard","meta":{"footnotes":""},"categories":[2],"tags":[],"class_list":["post-1213","post","type-post","status-publish","format-standard","hentry","category-nachrichten","entry"],"_links":{"self":[{"href":"https:\/\/codexflores.ch\/index.php\/wp-json\/wp\/v2\/posts\/1213","targetHints":{"allow":["GET"]}}],"collection":[{"href":"https:\/\/codexflores.ch\/index.php\/wp-json\/wp\/v2\/posts"}],"about":[{"href":"https:\/\/codexflores.ch\/index.php\/wp-json\/wp\/v2\/types\/post"}],"author":[{"embeddable":true,"href":"https:\/\/codexflores.ch\/index.php\/wp-json\/wp\/v2\/users\/1"}],"replies":[{"embeddable":true,"href":"https:\/\/codexflores.ch\/index.php\/wp-json\/wp\/v2\/comments?post=1213"}],"version-history":[{"count":0,"href":"https:\/\/codexflores.ch\/index.php\/wp-json\/wp\/v2\/posts\/1213\/revisions"}],"wp:attachment":[{"href":"https:\/\/codexflores.ch\/index.php\/wp-json\/wp\/v2\/media?parent=1213"}],"wp:term":[{"taxonomy":"category","embeddable":true,"href":"https:\/\/codexflores.ch\/index.php\/wp-json\/wp\/v2\/categories?post=1213"},{"taxonomy":"post_tag","embeddable":true,"href":"https:\/\/codexflores.ch\/index.php\/wp-json\/wp\/v2\/tags?post=1213"}],"curies":[{"name":"wp","href":"https:\/\/api.w.org\/{rel}","templated":true}]}}