{"id":1214,"date":"2014-02-12T06:51:04","date_gmt":"2014-02-12T06:51:04","guid":{"rendered":"https:\/\/codexflores.ch\/index.php\/2014\/02\/12\/kein-lucerne-festival-auftritt-des-mozart-orchestra\/"},"modified":"2014-02-12T06:51:04","modified_gmt":"2014-02-12T06:51:04","slug":"kein-lucerne-festival-auftritt-des-mozart-orchestra","status":"publish","type":"post","link":"https:\/\/codexflores.ch\/index.php\/2014\/02\/12\/kein-lucerne-festival-auftritt-des-mozart-orchestra\/","title":{"rendered":"Kein Lucerne Festival-Auftritt des Mozart Orchestra"},"content":{"rendered":"<p><span style=\"font-family: arial,helvetica,sans-serif; font-size: small;\">12.02.2014 &#8212; Was Riccardo Muti in Italien offenbar noch einmal m\u00f6glich gemacht hat, kann am Vierwaldst\u00e4ttersee nicht realisiert werden. Lucerne Festival kann keinen Auftritt des Mozart Orchestra mehr durchf\u00fchren. Es sagt ein schon l\u00e4nger programmiertes Konzert ab.<\/span><\/p>\n<p><strong><span style=\"font-family: arial,helvetica,sans-serif; font-size: small;\"><span style=\"font-family: arial,helvetica,sans-serif; font-size: small;\">12.02.2014 &#8212; Was Riccardo Muti in Italien offenbar noch einmal m\u00f6glich gemacht hat, kann am Vierwaldst\u00e4ttersee nicht realisiert werden. Lucerne Festival kann keinen Auftritt des Mozart Orchestra mehr durchf\u00fchren. Es sagt eine schon l\u00e4nger programmiertes Konzert ab.<\/span><\/span><\/strong><\/p>\n<p><span style=\"font-family: arial,helvetica,sans-serif; font-size: small;\">\u00a0<\/span><\/p>\n<p><span style=\"font-family: arial,helvetica,sans-serif; font-size: small;\">Das f\u00fcr den 7. April 2014 geplante Konzert des Orchestra Mozart im Rahmen von\u00a0<span style=\"font-family: arial,helvetica,sans-serif; font-size: small;\">Lucerne Festival <\/span> zu Ostern m\u00fcsse leider ersatzlos abgesagt werden, schreibt das Festival. In den vergangenen Wochen habe man in W\u00fcrdigung des ehemaligen K\u00fcnstlerischen Leiters Claudio Abbado alles unternommen, um es doch noch zur Auff\u00fchrung zu bringen. Das ist leider nicht gelungen. Bereits bezogene Karten werden\u00a0bis sp\u00e4testens 13. April\u00a02014\u00a0zur\u00fcckgenommen.\u00a0<\/span><\/p>\n<p><span style=\"font-family: arial,helvetica,sans-serif; font-size: small;\">\u00a0<\/span><\/p>\n<p><span style=\"font-family: arial,helvetica,sans-serif; font-size: small;\">Einen Auftritt wird das Orchester, das ohne seinen vor kurzem verstorbenen Gr\u00fcnder als Galionsfigur finanziell nicht \u00fcbelebensf\u00e4hig ist, dieses Jahr im Rahmen des italienischen Ravenna Festivals noch absolvieren, dirigiert von Riccardo Muti (Codex flores <a href=\"http:\/\/www.codexflores.ch\/index.php\/component\/content\/article\/2-nachrichten\/1205-muti-laesst-abbados-orchestra-mozart-noch-einmal-aufleben\">berichtete<\/a>). <em>(cf)<\/em><br \/><\/span><\/p>\n","protected":false},"excerpt":{"rendered":"<p><span style=\"font-family: arial,helvetica,sans-serif; font-size: small;\">12.02.2014 &#8212; Was Riccardo Muti in Italien offenbar noch einmal m\u00f6glich gemacht hat, kann am Vierwaldst\u00e4ttersee nicht realisiert werden. Lucerne Festival kann keinen Auftritt des Mozart Orchestra mehr durchf\u00fchren. Es sagt ein schon l\u00e4nger programmiertes Konzert ab.<\/span><\/p>\n","protected":false},"author":1,"featured_media":0,"comment_status":"open","ping_status":"open","sticky":false,"template":"","format":"standard","meta":{"footnotes":""},"categories":[2],"tags":[],"class_list":["post-1214","post","type-post","status-publish","format-standard","hentry","category-nachrichten","entry"],"_links":{"self":[{"href":"https:\/\/codexflores.ch\/index.php\/wp-json\/wp\/v2\/posts\/1214","targetHints":{"allow":["GET"]}}],"collection":[{"href":"https:\/\/codexflores.ch\/index.php\/wp-json\/wp\/v2\/posts"}],"about":[{"href":"https:\/\/codexflores.ch\/index.php\/wp-json\/wp\/v2\/types\/post"}],"author":[{"embeddable":true,"href":"https:\/\/codexflores.ch\/index.php\/wp-json\/wp\/v2\/users\/1"}],"replies":[{"embeddable":true,"href":"https:\/\/codexflores.ch\/index.php\/wp-json\/wp\/v2\/comments?post=1214"}],"version-history":[{"count":0,"href":"https:\/\/codexflores.ch\/index.php\/wp-json\/wp\/v2\/posts\/1214\/revisions"}],"wp:attachment":[{"href":"https:\/\/codexflores.ch\/index.php\/wp-json\/wp\/v2\/media?parent=1214"}],"wp:term":[{"taxonomy":"category","embeddable":true,"href":"https:\/\/codexflores.ch\/index.php\/wp-json\/wp\/v2\/categories?post=1214"},{"taxonomy":"post_tag","embeddable":true,"href":"https:\/\/codexflores.ch\/index.php\/wp-json\/wp\/v2\/tags?post=1214"}],"curies":[{"name":"wp","href":"https:\/\/api.w.org\/{rel}","templated":true}]}}