{"id":1215,"date":"2014-02-12T07:03:04","date_gmt":"2014-02-12T07:03:04","guid":{"rendered":"https:\/\/codexflores.ch\/index.php\/2014\/02\/12\/zwei-duo-preise-an-den-sommets-musicaux-de-gstaad\/"},"modified":"2014-02-12T07:03:04","modified_gmt":"2014-02-12T07:03:04","slug":"zwei-duo-preise-an-den-sommets-musicaux-de-gstaad","status":"publish","type":"post","link":"https:\/\/codexflores.ch\/index.php\/2014\/02\/12\/zwei-duo-preise-an-den-sommets-musicaux-de-gstaad\/","title":{"rendered":"Zwei Duo-Preise an den Sommets Musicaux de Gstaad"},"content":{"rendered":"<p><span style=\"font-family: arial,helvetica,sans-serif; font-size: small;\">12.02.2014 &#8212; <span style=\"color: black;\" lang=\"DE-CH\">Im Rahmen der\u00a0 14. Ausgabe der Sommets Musicaux de Gstaad sind zwei Duos mit Preisen ausgezeichnet worden, d<span style=\"font-size: 10.0pt; font-family: 'Arial','sans-serif'; color: black;\" lang=\"DE-CH\">em Preis der Stiftung Prix Pro Scientia et Arte und dem <span style=\"font-size: 10pt; font-family: 'Arial','sans-serif'; color: black;\" lang=\"DE-CH\">mit 5000 Franken dotierten Prix Andr\u00e9 Hoffmann.<\/span><\/span><\/span><\/span><\/p>\n<p><span style=\"color: black;\" lang=\"DE-CH\"><strong><span style=\"font-family: arial,helvetica,sans-serif; font-size: small;\">12.02.2014 &#8212; <span style=\"color: black;\" lang=\"DE-CH\">Im Rahmen der\u00a0 14. Ausgabe der Sommets Musicaux de Gstaad sind zwei Duos mit Preisen ausgezeichnet worden, d<span style=\"font-size: 10pt; font-family: 'Arial','sans-serif'; color: black;\" lang=\"DE-CH\">em Preis der Stiftung Prix Pro Scientia et Arte und dem <span style=\"font-size: 10pt; font-family: 'Arial','sans-serif'; color: black;\" lang=\"DE-CH\">mit 5000 Franken dotierten Prix Andr\u00e9 Hoffmann.<\/span><\/span><\/span><\/span><\/strong><br \/><\/span><\/p>\n<p><span style=\"color: black;\" lang=\"DE-CH\">\u00a0<\/span><\/p>\n<p><span style=\"color: black;\" lang=\"DE-CH\"><span style=\"font-size: 10.0pt; font-family: 'Arial','sans-serif'; color: black;\" lang=\"DE-CH\">Das Duo Lidija &amp; Sanja Bizjak gewinnt den Preis der Stiftung Pro Scientia et Arte, der den beiden Pianistinnen erlaubt, eine CD aufzunehmen. Der Prix Andr\u00e9 Hoffmann, ein dieses Jahr zum zweiten Mal verliehener Preis f\u00fcr die Interpretation eines zeitgen\u00f6ssischen Musikst\u00fccks, geht an das Duo Ping &amp; Ting. <br \/><\/span><\/span><\/p>\n<p>\u00a0<\/p>\n<p><span style=\"font-size: 10.0pt; font-family: 'Arial','sans-serif'; color: black;\" lang=\"DE-CH\">Die Belgrader Schwestern Bizjak haben 2005 den Wettbewerb Avant-Sc\u00e8nes am Pariser Konservatorium gewonnen und wurden eingeladen, in der Cit\u00e9 de la Musique Mozarts Konzerte f\u00fcr zwei Klaviere und Orchester zu interpretieren; sie sind ausserdem Preistr\u00e4gerinnen des Klavierwettbewerbs Francis Poulenc bei Radio France. <\/span><\/p>\n<p><span style=\"font-size: 10.0pt; font-family: 'Arial','sans-serif'; color: black;\" lang=\"DE-CH\">\u00a0<\/span><\/p>\n<p><span style=\"font-size: 10.0pt; font-family: 'Arial','sans-serif'; color: black;\" lang=\"DE-CH\"><span style=\"font-size: 10.0pt; font-family: 'Arial','sans-serif';\" lang=\"DE-CH\">Die vierundzwanzigj\u00e4hrigen Hongkonger Zwillingsschwestern Lok Ping und Lok Ting Chau <span style=\"font-size: 10.0pt; font-family: 'Arial','sans-serif';\" lang=\"DE-CH\">begannen ihre Karriere als Duo, nachdem sie 2008 beim internationalen Wettbewerb f\u00fcr Klavierduos in Bialystok, Polen, den 1. Preis und zwei Spezialpreise f\u00fcr die beste Interpretation von Lutoslawskis <em>Paganini Variations<\/em> und von Chopins <em>Rondo<\/em> <em>in C-Dur<\/em> gewonnen hatten. 2010 wurden sie beim internationalen Wettbewerb f\u00fcr Klavierduos der Republik San-Marino mit dem 2. Preis ausgezeichnet. <\/span> <\/span><\/span><\/p>\n<p>\u00a0<\/p>\n<p><span style=\"color: black;\" lang=\"DE-CH\"><span style=\"font-size: 10.0pt; font-family: 'Arial','sans-serif'; color: black;\" lang=\"DE-CH\"><span style=\"font-size: 10.0pt; font-family: 'Arial','sans-serif'; color: black;\" lang=\"DE-CH\">Die Ausgabe 2014 der <span style=\"font-family: arial,helvetica,sans-serif; font-size: small;\"><span style=\"color: black;\" lang=\"DE-CH\">Sommets Musicaux de Gstaad<\/span><\/span> fand vom 31. Januar bis 8. Februar statt.\u00a0 <\/span>Die Kirche Rougemont war laut einer Schlussmeldung der Veranstalter w\u00e4hrend des ganzen Festivals voll belegt, die Kapelle Gstaad zu 97 Prozent ausgelastet, und die Besucherzahlen f\u00fcr die Kirche Saanen h\u00e4tten sich mit <span style=\"color: black;\" lang=\"DE-CH\"><span style=\"font-size: 10.0pt; font-family: 'Arial','sans-serif'; color: black;\" lang=\"DE-CH\">85 Prozent Auslastung <\/span><\/span>im Vergleich zum letzten Jahr als stabil erwiesen. <em>(cf) <\/em><\/span><\/span><\/p>\n","protected":false},"excerpt":{"rendered":"<p><span style=\"font-family: arial,helvetica,sans-serif; font-size: small;\">12.02.2014 &#8212; <span style=\"color: black;\" lang=\"DE-CH\">Im Rahmen der\u00a0 14. Ausgabe der Sommets Musicaux de Gstaad sind zwei Duos mit Preisen ausgezeichnet worden, d<span style=\"font-size: 10.0pt; font-family: 'Arial','sans-serif'; color: black;\" lang=\"DE-CH\">em Preis der Stiftung Prix Pro Scientia et Arte und dem <span style=\"font-size: 10pt; font-family: 'Arial','sans-serif'; color: black;\" lang=\"DE-CH\">mit 5000 Franken dotierten Prix Andr\u00e9 Hoffmann.<\/span><\/span><\/span><\/span><\/p>\n","protected":false},"author":1,"featured_media":0,"comment_status":"open","ping_status":"open","sticky":false,"template":"","format":"standard","meta":{"footnotes":""},"categories":[2],"tags":[],"class_list":["post-1215","post","type-post","status-publish","format-standard","hentry","category-nachrichten","entry"],"_links":{"self":[{"href":"https:\/\/codexflores.ch\/index.php\/wp-json\/wp\/v2\/posts\/1215","targetHints":{"allow":["GET"]}}],"collection":[{"href":"https:\/\/codexflores.ch\/index.php\/wp-json\/wp\/v2\/posts"}],"about":[{"href":"https:\/\/codexflores.ch\/index.php\/wp-json\/wp\/v2\/types\/post"}],"author":[{"embeddable":true,"href":"https:\/\/codexflores.ch\/index.php\/wp-json\/wp\/v2\/users\/1"}],"replies":[{"embeddable":true,"href":"https:\/\/codexflores.ch\/index.php\/wp-json\/wp\/v2\/comments?post=1215"}],"version-history":[{"count":0,"href":"https:\/\/codexflores.ch\/index.php\/wp-json\/wp\/v2\/posts\/1215\/revisions"}],"wp:attachment":[{"href":"https:\/\/codexflores.ch\/index.php\/wp-json\/wp\/v2\/media?parent=1215"}],"wp:term":[{"taxonomy":"category","embeddable":true,"href":"https:\/\/codexflores.ch\/index.php\/wp-json\/wp\/v2\/categories?post=1215"},{"taxonomy":"post_tag","embeddable":true,"href":"https:\/\/codexflores.ch\/index.php\/wp-json\/wp\/v2\/tags?post=1215"}],"curies":[{"name":"wp","href":"https:\/\/api.w.org\/{rel}","templated":true}]}}