{"id":122,"date":"2014-01-09T13:23:47","date_gmt":"2014-01-09T13:23:47","guid":{"rendered":"https:\/\/codexflores.ch\/index.php\/2014\/01\/09\/pierre-laurent-aimard-spielt-debussy-preludes\/"},"modified":"2014-01-09T13:23:47","modified_gmt":"2014-01-09T13:23:47","slug":"pierre-laurent-aimard-spielt-debussy-preludes","status":"publish","type":"post","link":"https:\/\/codexflores.ch\/index.php\/2014\/01\/09\/pierre-laurent-aimard-spielt-debussy-preludes\/","title":{"rendered":"Pierre-Laurent Aimard spielt Debussy-Pr\u00e9ludes"},"content":{"rendered":"<p><span class=\"txt-m-black\"><img decoding=\"async\" src=\"http:\/\/212.60.37.143\/bilder\/2012\/120817debussy.jpg\" border=\"0\" align=\"left\" \/><em>17.08.2012 &#8212;<\/em> Im deutschen Sprachraum werden Gedenkjahre f\u00fcr Wagner und Sch\u00f6nberg opulent gefeiert. Ein Debussy-Jahr hingegen erzeugt wenig Resonanz. Das Verh\u00e4ltnis der deutschen zur franz\u00f6sischen Musik spiegelt noch immer Schwierigkeiten im Verst\u00e4ndnis. Adornos Propagandaschriften zur Quasi-Heiligsprechung Arnold Sch\u00f6nbergs als Grossem Innovator der Musik im 20. Jahrhundert wirken noch heute nach, auch Sch\u00f6nbergs eigene \u00dcberzeugung mit nationalistischen Untert\u00f6nen &#8211; er glaubte, mit seiner Zw\u00f6lftonmusik die \u00abVorherrschaft der deutschen Musik f\u00fcr die n\u00e4chsten hundert Jahre\u00bb gesichert zu haben. <\/p>\n<p> Deutsche Bildung bedeutet intellektuelles Bekenntnis, Struktur, Debatte. Die scheinbar formlosen, auf Atmosph\u00e4re und Klangsinnlichkeit zielenden Werke Debussys sind dazu fast so etwas wie ein Gegenentwurf. Ein Schreckgespenst f\u00fcr den deutschen Intellekt. Das zieht sich heute noch bis in die Popmusik: der karge Rebell Bob Dylan trifft hierzulande den Ton, die sich atmosph\u00e4risch-sinnlich intellektuellen Interpretationen entziehende Lady Gaga gilt als Niedergang der gehobenen Popkultur. <\/p>\n<p> Wer Klassifikationen braucht, der sieht drei grosse Erneuerer der musikalischen Gestaltungsmittel zu Beginn des 20. Jahrhunderts: Sch\u00f6nberg, der Struktur und Kontrapunkt revolutioniert, Strawinsky, der dasselbe f\u00fcr den Rhythmus tut, und Debussy dito f\u00fcr den Klang. <\/p>\n<p> Rechtzeitig zum Debussy-Jubil\u00e4um \u2013 am 22. August feiern wir seinen 150. Geburtstag \u2013 legt der franz\u00f6sische Pianist Pierre-Laurent Aimard eine Einspielung der beiden B\u00fccher mit \u00abPr\u00e9ludes\u00bb Debussys vor. Man kann ihn als direkten Erben der \u00c4sthetik Debussys betrachten, studierte er doch bei Olivier Messiaens Frau Yvonne Loriod. Messiaen selber war von Debussys \u00abPelleas et M\u00e9lisande\u00bb zutiefst beeinflusst. <\/p>\n<p> Debussys Pr\u00e9ludes bezeichnet Aimard als \u00abwundervolle Klanglabyrinthe\u00bb, als \u00ab\u00e4usserst farbenreiche, orchestrale Musik, die vom Interpreten verlangt, s\u00e4mtliche Instrumente des Orchesters h\u00f6rbar zu machen\u00bb. Er misst sich dabei bewusst mit fr\u00fcheren Referenzaufnahmen, legt aber hier selber eine vor \u2013 f\u00fcr die <em>Deutsche<\/em> Grammophon.<\/p>\n<p> Hoffentlich hilft sie, das Verst\u00e4ndnis f\u00fcr die Musik des Impressionisten hierzulande noch etwas zu vertiefen. Aufgenommen worden ist sie \u00fcbrigens im Mai dieses Jahres in der Schweiz, im Arc en Sc\u00e8nes La Chaux-de-Fonds, auf Aimards eigenem Steinway. <em>(wb)<\/em> <\/p>\n<p> <em><span class=\"txt-s-black\" style=\"font-size: x-small;\">Debussy: Pr\u00e9ludes Books 1 &amp; 2. Pierre-Laurent Aimard (Klavier). Deutsche Grammophon, Best.-Nr. 477 9982. <\/span><\/em><\/span><\/p>\n","protected":false},"excerpt":{"rendered":"<p>17.08.2012 &#8212; Im deutschen Sprachraum werden Gedenkjahre f\u00fcr Wagner und Sch\u00f6nberg opulent gefeiert. Ein Debussy-Jahr hingegen erzeugt wenig Resonanz. Das&#8230;<\/p>\n","protected":false},"author":1,"featured_media":0,"comment_status":"open","ping_status":"open","sticky":false,"template":"","format":"standard","meta":{"footnotes":""},"categories":[4],"tags":[],"class_list":["post-122","post","type-post","status-publish","format-standard","hentry","category-im-gespraech","entry"],"_links":{"self":[{"href":"https:\/\/codexflores.ch\/index.php\/wp-json\/wp\/v2\/posts\/122","targetHints":{"allow":["GET"]}}],"collection":[{"href":"https:\/\/codexflores.ch\/index.php\/wp-json\/wp\/v2\/posts"}],"about":[{"href":"https:\/\/codexflores.ch\/index.php\/wp-json\/wp\/v2\/types\/post"}],"author":[{"embeddable":true,"href":"https:\/\/codexflores.ch\/index.php\/wp-json\/wp\/v2\/users\/1"}],"replies":[{"embeddable":true,"href":"https:\/\/codexflores.ch\/index.php\/wp-json\/wp\/v2\/comments?post=122"}],"version-history":[{"count":0,"href":"https:\/\/codexflores.ch\/index.php\/wp-json\/wp\/v2\/posts\/122\/revisions"}],"wp:attachment":[{"href":"https:\/\/codexflores.ch\/index.php\/wp-json\/wp\/v2\/media?parent=122"}],"wp:term":[{"taxonomy":"category","embeddable":true,"href":"https:\/\/codexflores.ch\/index.php\/wp-json\/wp\/v2\/categories?post=122"},{"taxonomy":"post_tag","embeddable":true,"href":"https:\/\/codexflores.ch\/index.php\/wp-json\/wp\/v2\/tags?post=122"}],"curies":[{"name":"wp","href":"https:\/\/api.w.org\/{rel}","templated":true}]}}