{"id":1220,"date":"2014-02-13T07:16:14","date_gmt":"2014-02-13T07:16:14","guid":{"rendered":"https:\/\/codexflores.ch\/index.php\/2014\/02\/13\/gatti-sagt-fuer-zwei-monate-alle-dirigate-ab\/"},"modified":"2014-02-13T07:16:14","modified_gmt":"2014-02-13T07:16:14","slug":"gatti-sagt-fuer-zwei-monate-alle-dirigate-ab","status":"publish","type":"post","link":"https:\/\/codexflores.ch\/index.php\/2014\/02\/13\/gatti-sagt-fuer-zwei-monate-alle-dirigate-ab\/","title":{"rendered":"Gatti sagt f\u00fcr zwei Monate alle Dirigate ab"},"content":{"rendered":"<p>13.02.2014 &#8212; Der Dirigent Daniele Gatti muss f\u00fcr zwei Monate alle Dirigierverpflichtungen absagen. Er leidet an beiden Schultern an einer Sehnenentz\u00fcndung. Betroffen sind unter anderem die Wiener Philharmoniker und das Boston Symphony Orchestra.<\/p>\n<p>\u00a0<\/p>\n<p><strong>13.02.2014 &#8212; Der Dirigent Daniele Gatti muss f\u00fcr zwei Monate alle Dirigierverpflichtungen absagen. Er leidet an beiden Schultern an einer Sehnenentz\u00fcndung. Betroffen sind unter anderem die Wiener Philharmoniker und das Boston Symphony Orchestra.<\/strong><\/p>\n<p>\u00a0<\/p>\n<p>\u00a0<\/p>\n<p>Besonders schmerzlich d\u00fcrfte sein, dass Gatti ein Gastspiel der Staatoper in New York mit Alban Bergs <em>Wozzeck<\/em> nicht leiten kann. Betroffen sind \u00fcberdies Abonnementskonzerte im Wiener Musikverein. Franz Welser-M\u00f6st \u00fcbernimmt diese Termine. Ein Ersatz f\u00fcr Wiener Opernauff\u00fchrungen ist noch offen.<em> (cf)<\/em> \u00a0<\/p>\n","protected":false},"excerpt":{"rendered":"<p>13.02.2014 &#8212; Der Dirigent Daniele Gatti muss f\u00fcr zwei Monate alle Dirigierverpflichtungen absagen. Er leidet an beiden Schultern an einer Sehnenentz\u00fcndung. Betroffen sind unter anderem die Wiener Philharmoniker und das Boston Symphony Orchestra.<\/p>\n","protected":false},"author":1,"featured_media":0,"comment_status":"open","ping_status":"open","sticky":false,"template":"","format":"standard","meta":{"footnotes":""},"categories":[2],"tags":[],"class_list":["post-1220","post","type-post","status-publish","format-standard","hentry","category-nachrichten","entry"],"_links":{"self":[{"href":"https:\/\/codexflores.ch\/index.php\/wp-json\/wp\/v2\/posts\/1220","targetHints":{"allow":["GET"]}}],"collection":[{"href":"https:\/\/codexflores.ch\/index.php\/wp-json\/wp\/v2\/posts"}],"about":[{"href":"https:\/\/codexflores.ch\/index.php\/wp-json\/wp\/v2\/types\/post"}],"author":[{"embeddable":true,"href":"https:\/\/codexflores.ch\/index.php\/wp-json\/wp\/v2\/users\/1"}],"replies":[{"embeddable":true,"href":"https:\/\/codexflores.ch\/index.php\/wp-json\/wp\/v2\/comments?post=1220"}],"version-history":[{"count":0,"href":"https:\/\/codexflores.ch\/index.php\/wp-json\/wp\/v2\/posts\/1220\/revisions"}],"wp:attachment":[{"href":"https:\/\/codexflores.ch\/index.php\/wp-json\/wp\/v2\/media?parent=1220"}],"wp:term":[{"taxonomy":"category","embeddable":true,"href":"https:\/\/codexflores.ch\/index.php\/wp-json\/wp\/v2\/categories?post=1220"},{"taxonomy":"post_tag","embeddable":true,"href":"https:\/\/codexflores.ch\/index.php\/wp-json\/wp\/v2\/tags?post=1220"}],"curies":[{"name":"wp","href":"https:\/\/api.w.org\/{rel}","templated":true}]}}