{"id":1222,"date":"2014-02-14T06:57:14","date_gmt":"2014-02-14T06:57:14","guid":{"rendered":"https:\/\/codexflores.ch\/index.php\/2014\/02\/14\/graduale-disambiguation-urauffuehrung-in-luzern\/"},"modified":"2014-02-14T06:57:14","modified_gmt":"2014-02-14T06:57:14","slug":"graduale-disambiguation-urauffuehrung-in-luzern","status":"publish","type":"post","link":"https:\/\/codexflores.ch\/index.php\/2014\/02\/14\/graduale-disambiguation-urauffuehrung-in-luzern\/","title":{"rendered":"Graduale, disambiguation &#8211; Urauff\u00fchrung in Luzern"},"content":{"rendered":"<p><span style=\"font-family: arial,helvetica,sans-serif; font-size: small;\">14.02.2014 &#8212; Die Italienerin Francesca Verunelli hat 2011 den Kompositionswettbewerb gewonnen, zu dem die Art Mentor Foundation Lucerne zusammen mit dem Luzerner Sinfonieorchester eingeladen hatte. Nun wird ihr Werk am 13. und 14. M\u00e4rz 2014 in Luzern uraufgef\u00fchrt.<\/span><\/p>\n<p>\u00a0<\/p>\n<p><strong><span style=\"font-family: arial,helvetica,sans-serif; font-size: small;\"><span style=\"font-family: arial,helvetica,sans-serif; font-size: small;\">14.02.2014 &#8212; Die Italienerin Francesca Verunelli hat 2011 den Kompositionswettbewerb gewonnen, zu dem die Art Mentor Foundation Lucerne zusammen mit dem Luzerner Sinfonieorchester eingeladen hatte. Nun wird ihr Werk am 13. und 14. M\u00e4rz 2014 in Luzern uraufgef\u00fchrt.<\/span><\/span><\/strong><\/p>\n<p><span style=\"font-family: arial,helvetica,sans-serif; font-size: small;\">\u00a0<\/span><\/p>\n<p><span style=\"font-family: arial,helvetica,sans-serif; font-size: small;\">Francesca Verunelli hat in Florenz bei Rosario Mirigliano Komposition und bei Stefano Fiuzzi Klavier studiert. Sie amtet zur Zeit als Composer in residence der GMEM (Groupe de musique exp\u00e9rimentale de Marseille) in Marseille, wo sie unter anderem ein St\u00fcck f\u00fcr Kontrabass und Elektronik entwickelt, das im Juli am Festival von Aix-en-Provence aufgef\u00fchrt werden soll.<\/span><\/p>\n<p><span style=\"font-family: arial,helvetica,sans-serif; font-size: small;\">\u00a0<\/span><\/p>\n<p><span style=\"font-family: arial,helvetica,sans-serif; font-size: small;\">Neben der Urauff\u00fchrung des mit <em>Graduale, disambiguation<\/em> \u00fcbertitelten Werkes erklingen in\u00a0dem Konzert Kurt Weills Sinfonie Nr. 2 und Dmitri Schostakowitschs Konzert f\u00fcr Violine und Orchester Nr. 1 a-Moll op. 99, Solistin ist Viktoria Mullova, geleitet wird der Abend von Michael Sanderling. <em>(cf)<\/em><\/span><\/p>\n<p><span style=\"font-family: arial,helvetica,sans-serif; font-size: small;\"><em>\u00a0<\/em><\/span><\/p>\n<p><span style=\"font-family: arial,helvetica,sans-serif; font-size: small;\">Mehr Infos: <a href=\"http:\/\/www.sinfonieorchester.ch\" target=\"_blank\" rel=\"noopener noreferrer\">www.sinfonieorchester.ch<\/a><\/span><\/p>\n","protected":false},"excerpt":{"rendered":"<p><span style=\"font-family: arial,helvetica,sans-serif; font-size: small;\">14.02.2014 &#8212; Die Italienerin Francesca Verunelli hat 2011 den Kompositionswettbewerb gewonnen, zu dem die Art Mentor Foundation Lucerne zusammen mit dem Luzerner Sinfonieorchester eingeladen hatte. Nun wird ihr Werk am 13. und 14. M\u00e4rz 2014 in Luzern uraufgef\u00fchrt.<\/span><\/p>\n","protected":false},"author":1,"featured_media":0,"comment_status":"open","ping_status":"open","sticky":false,"template":"","format":"standard","meta":{"footnotes":""},"categories":[2],"tags":[],"class_list":["post-1222","post","type-post","status-publish","format-standard","hentry","category-nachrichten","entry"],"_links":{"self":[{"href":"https:\/\/codexflores.ch\/index.php\/wp-json\/wp\/v2\/posts\/1222","targetHints":{"allow":["GET"]}}],"collection":[{"href":"https:\/\/codexflores.ch\/index.php\/wp-json\/wp\/v2\/posts"}],"about":[{"href":"https:\/\/codexflores.ch\/index.php\/wp-json\/wp\/v2\/types\/post"}],"author":[{"embeddable":true,"href":"https:\/\/codexflores.ch\/index.php\/wp-json\/wp\/v2\/users\/1"}],"replies":[{"embeddable":true,"href":"https:\/\/codexflores.ch\/index.php\/wp-json\/wp\/v2\/comments?post=1222"}],"version-history":[{"count":0,"href":"https:\/\/codexflores.ch\/index.php\/wp-json\/wp\/v2\/posts\/1222\/revisions"}],"wp:attachment":[{"href":"https:\/\/codexflores.ch\/index.php\/wp-json\/wp\/v2\/media?parent=1222"}],"wp:term":[{"taxonomy":"category","embeddable":true,"href":"https:\/\/codexflores.ch\/index.php\/wp-json\/wp\/v2\/categories?post=1222"},{"taxonomy":"post_tag","embeddable":true,"href":"https:\/\/codexflores.ch\/index.php\/wp-json\/wp\/v2\/tags?post=1222"}],"curies":[{"name":"wp","href":"https:\/\/api.w.org\/{rel}","templated":true}]}}