{"id":1225,"date":"2014-02-14T07:51:27","date_gmt":"2014-02-14T07:51:27","guid":{"rendered":"https:\/\/codexflores.ch\/index.php\/2014\/02\/14\/milton-wird-gmd-des-saarlaendischen-staatstheaters\/"},"modified":"2014-02-14T07:51:27","modified_gmt":"2014-02-14T07:51:27","slug":"milton-wird-gmd-des-saarlaendischen-staatstheaters","status":"publish","type":"post","link":"https:\/\/codexflores.ch\/index.php\/2014\/02\/14\/milton-wird-gmd-des-saarlaendischen-staatstheaters\/","title":{"rendered":"Milton wird GMD des Saarl\u00e4ndischen Staatstheaters"},"content":{"rendered":"<p><span style=\"font-family: arial,helvetica,sans-serif; font-size: small;\">14.02.2014 &#8212; Der auch mit dem Orchestra della Svizzera italiana verbundene Australier Nicholas Milton wird <span style=\"font-family: arial,helvetica,sans-serif; font-size: small;\"> vorerst f\u00fcr vier Jahre ab der Spielzeit 14\/15<\/span> Generalmusikdirektor des Saarl\u00e4ndischen Staatstheaters (SST).<\/span><\/p>\n<p>\u00a0<\/p>\n<p><strong><span style=\"font-family: arial,helvetica,sans-serif; font-size: small;\"><span style=\"font-family: arial,helvetica,sans-serif; font-size: small;\">14.02.2014 &#8212; Der <span style=\"font-family: arial,helvetica,sans-serif; font-size: small;\">auch mit dem Orchestra della Svizzera italiana verbundene<\/span> Australier Nicholas Milton wird <span style=\"font-family: arial,helvetica,sans-serif; font-size: small;\"> vorerst f\u00fcr vier Jahre ab der Spielzeit 14\/15<\/span> Generalmusikdirektor des Saarl\u00e4ndischen Staatstheaters (SST).<\/span><\/span><\/strong><\/p>\n<p><span style=\"font-family: arial,helvetica,sans-serif; font-size: small;\"><span style=\"font-family: arial,helvetica,sans-serif; font-size: small;\">\u00a0<\/span><\/span><\/p>\n<p><span style=\"font-family: arial,helvetica,sans-serif; font-size: small;\">Milton setzte sich gegen \u00fcber 100 Bewerber durch. Er wurde \u00abmit grosser Zustimmung der Musiker und S\u00e4nger als Wunschkandidat ausgew\u00e4hlt und einstimmig vom Aufsichtsrat best\u00e4tigt\u00bb.<\/span><\/p>\n<p><span style=\"font-family: arial,helvetica,sans-serif; font-size: small;\">\u00a0<\/span><\/p>\n<p><span style=\"font-family: arial,helvetica,sans-serif; font-size: small;\">Der 1967 geborene Australier Milton arbeitete zun\u00e4chst als Geiger und Kammermusiker \u2013 er wurde mit 19 Jahren zum j\u00fcngsten Konzertmeister des Adelaide Symphony Orchestra ernannt und war Mitglied des australischen Macquarie Trios <span style=\"font-family: arial,helvetica,sans-serif; font-size: small;\">\u2013<\/span>, bevor er sich ausschliesslich dem Dirigieren widmete.<\/span><\/p>\n<p><span style=\"font-family: arial,helvetica,sans-serif; font-size: small;\">\u00a0<\/span><\/p>\n<p><span style=\"font-family: arial,helvetica,sans-serif; font-size: small;\"> 2001 wurde er Chefdirigent beim Willoughby Symphony Orchestra, von 2004 bis 2010 war er Generalmusikdirektor der Jenaer Philharmonie. Ab 2007 bekleidete er das Amt des Chefdirigenten und K\u00fcnstlerischen Leiters des Canberra Symphony Orchestra.<em> (cf)<\/em><br \/><\/span><\/p>\n","protected":false},"excerpt":{"rendered":"<p><span style=\"font-family: arial,helvetica,sans-serif; font-size: small;\">14.02.2014 &#8212; Der auch mit dem Orchestra della Svizzera italiana verbundene Australier Nicholas Milton wird <span style=\"font-family: arial,helvetica,sans-serif; font-size: small;\"> vorerst f\u00fcr vier Jahre ab der Spielzeit 14\/15<\/span> Generalmusikdirektor des Saarl\u00e4ndischen Staatstheaters (SST).<\/span><\/p>\n","protected":false},"author":1,"featured_media":0,"comment_status":"open","ping_status":"open","sticky":false,"template":"","format":"standard","meta":{"footnotes":""},"categories":[2],"tags":[],"class_list":["post-1225","post","type-post","status-publish","format-standard","hentry","category-nachrichten","entry"],"_links":{"self":[{"href":"https:\/\/codexflores.ch\/index.php\/wp-json\/wp\/v2\/posts\/1225","targetHints":{"allow":["GET"]}}],"collection":[{"href":"https:\/\/codexflores.ch\/index.php\/wp-json\/wp\/v2\/posts"}],"about":[{"href":"https:\/\/codexflores.ch\/index.php\/wp-json\/wp\/v2\/types\/post"}],"author":[{"embeddable":true,"href":"https:\/\/codexflores.ch\/index.php\/wp-json\/wp\/v2\/users\/1"}],"replies":[{"embeddable":true,"href":"https:\/\/codexflores.ch\/index.php\/wp-json\/wp\/v2\/comments?post=1225"}],"version-history":[{"count":0,"href":"https:\/\/codexflores.ch\/index.php\/wp-json\/wp\/v2\/posts\/1225\/revisions"}],"wp:attachment":[{"href":"https:\/\/codexflores.ch\/index.php\/wp-json\/wp\/v2\/media?parent=1225"}],"wp:term":[{"taxonomy":"category","embeddable":true,"href":"https:\/\/codexflores.ch\/index.php\/wp-json\/wp\/v2\/categories?post=1225"},{"taxonomy":"post_tag","embeddable":true,"href":"https:\/\/codexflores.ch\/index.php\/wp-json\/wp\/v2\/tags?post=1225"}],"curies":[{"name":"wp","href":"https:\/\/api.w.org\/{rel}","templated":true}]}}