{"id":1228,"date":"2014-02-17T06:54:32","date_gmt":"2014-02-17T06:54:32","guid":{"rendered":"https:\/\/codexflores.ch\/index.php\/2014\/02\/17\/nelsons-uebenimmt-in-luzern-abbados-dirigate\/"},"modified":"2014-02-17T06:54:32","modified_gmt":"2014-02-17T06:54:32","slug":"nelsons-uebenimmt-in-luzern-abbados-dirigate","status":"publish","type":"post","link":"https:\/\/codexflores.ch\/index.php\/2014\/02\/17\/nelsons-uebenimmt-in-luzern-abbados-dirigate\/","title":{"rendered":"Nelsons \u00fcbenimmt in Luzern Abbados Dirigate"},"content":{"rendered":"<p><span style=\"font-family: arial,helvetica,sans-serif; font-size: small;\">17.02.2014 &#8212; Der junge lettische Dirigent Andris Nelsons leitet<span style=\"font-family: arial,helvetica,sans-serif; font-size: small;\"> im Rahmen von Lucerne Festival im Sommer 2014<\/span> f\u00fcr den verstorbenen Claudio Abbado das Lucerne Festival Orchestra, namentlich zwei Konzertprogramme mit Werken von Brahms.<\/span><\/p>\n<p><strong><span style=\"font-family: arial,helvetica,sans-serif; font-size: small;\"><span style=\"font-family: arial,helvetica,sans-serif; font-size: small;\">17.02.2014 &#8212; Der junge lettische Dirigent Andris Nelsons leitet<strong><span style=\"font-family: arial,helvetica,sans-serif; font-size: small;\"><span style=\"font-family: arial,helvetica,sans-serif; font-size: small;\"> im Rahmen von Lucerne Festival im Sommer 2014<\/span><\/span><\/strong> f\u00fcr den verstorbenen Claudio Abbado das Lucerne Festival Orchestra, namentlich zwei Konzertprogramme mit Werken von Brahms.<\/span><\/span><\/strong><\/p>\n<p><span style=\"font-family: arial,helvetica,sans-serif; font-size: small;\">\u00a0<\/span><\/p>\n<p><span style=\"font-family: arial,helvetica,sans-serif; font-size: small;\">Im Er\u00f6ffnungskonzert am 15. August sowie am 16. August erklingen die Serenade Nr. 2 A-Dur, die Rhapsodie f\u00fcr Alt, M\u00e4nnerchor und Orchester mit Sara Mingardo als Solistin und die Sinfonie Nr. 2 D-Dur. Am 22. und 24. August stehen Brahms\u02bc Klavierkonzert Nr. 1 d-Moll mit Maurizio Pollini sowie die Sinfonie Nr. 3 F-Dur auf dem Programm.<\/span><\/p>\n<p><span style=\"font-family: arial,helvetica,sans-serif; font-size: small;\">\u00a0<\/span><\/p>\n<p><span style=\"font-family: arial,helvetica,sans-serif; font-size: small;\"> Andris Nelsons, \u00abartiste \u00e9toile\u00bb des Luzerner Festspielsommers 2012, wurde 1978 in Riga geboren. Er tritt mit Beginn der Saison 2014\/15 offiziell die Position als Music Director des Boston Symphony Orchestra an. Seit 2008\/09 steht er an der Spitze des City of Birmingham Symphony Orchestra, mit dem er im Sommer 2009 am Lucerne Festival deb\u00fctierte. Bei Lucerne Festival zu Ostern tritt er am 12. April mit dem Symphonieorchester des Bayerischen Rundfunks auf. <\/span><\/p>\n<p><span style=\"font-family: arial,helvetica,sans-serif; font-size: small;\">\u00a0<\/span><\/p>\n<p><span style=\"font-family: arial,helvetica,sans-serif; font-size: small;\">Bei <span style=\"font-family: arial,helvetica,sans-serif; font-size: small;\">Lucerne Festival im Sommer <\/span>dirigiert Andris Nelsons auch das City of Birmingham Symphony Orchestra (30. und 31. August).<em> (cf)<\/em><br \/><\/span><\/p>\n","protected":false},"excerpt":{"rendered":"<p><span style=\"font-family: arial,helvetica,sans-serif; font-size: small;\">17.02.2014 &#8212; Der junge lettische Dirigent Andris Nelsons leitet<span style=\"font-family: arial,helvetica,sans-serif; font-size: small;\"> im Rahmen von Lucerne Festival im Sommer 2014<\/span> f\u00fcr den verstorbenen Claudio Abbado das Lucerne Festival Orchestra, namentlich zwei Konzertprogramme mit Werken von Brahms.<\/span><\/p>\n","protected":false},"author":1,"featured_media":0,"comment_status":"open","ping_status":"open","sticky":false,"template":"","format":"standard","meta":{"footnotes":""},"categories":[2],"tags":[],"class_list":["post-1228","post","type-post","status-publish","format-standard","hentry","category-nachrichten","entry"],"_links":{"self":[{"href":"https:\/\/codexflores.ch\/index.php\/wp-json\/wp\/v2\/posts\/1228","targetHints":{"allow":["GET"]}}],"collection":[{"href":"https:\/\/codexflores.ch\/index.php\/wp-json\/wp\/v2\/posts"}],"about":[{"href":"https:\/\/codexflores.ch\/index.php\/wp-json\/wp\/v2\/types\/post"}],"author":[{"embeddable":true,"href":"https:\/\/codexflores.ch\/index.php\/wp-json\/wp\/v2\/users\/1"}],"replies":[{"embeddable":true,"href":"https:\/\/codexflores.ch\/index.php\/wp-json\/wp\/v2\/comments?post=1228"}],"version-history":[{"count":0,"href":"https:\/\/codexflores.ch\/index.php\/wp-json\/wp\/v2\/posts\/1228\/revisions"}],"wp:attachment":[{"href":"https:\/\/codexflores.ch\/index.php\/wp-json\/wp\/v2\/media?parent=1228"}],"wp:term":[{"taxonomy":"category","embeddable":true,"href":"https:\/\/codexflores.ch\/index.php\/wp-json\/wp\/v2\/categories?post=1228"},{"taxonomy":"post_tag","embeddable":true,"href":"https:\/\/codexflores.ch\/index.php\/wp-json\/wp\/v2\/tags?post=1228"}],"curies":[{"name":"wp","href":"https:\/\/api.w.org\/{rel}","templated":true}]}}