{"id":1231,"date":"2014-02-17T07:40:49","date_gmt":"2014-02-17T07:40:49","guid":{"rendered":"https:\/\/codexflores.ch\/index.php\/2014\/02\/17\/francois-xavier-roth-koelner-generalmusikdirektor\/"},"modified":"2014-02-17T07:40:49","modified_gmt":"2014-02-17T07:40:49","slug":"francois-xavier-roth-koelner-generalmusikdirektor","status":"publish","type":"post","link":"https:\/\/codexflores.ch\/index.php\/2014\/02\/17\/francois-xavier-roth-koelner-generalmusikdirektor\/","title":{"rendered":"Fran\u00e7ois-Xavier Roth K\u00f6lner Generalmusikdirektor"},"content":{"rendered":"<p>17.02.2014 &#8212; Fran\u00e7ois -Xavier Roth, der Chefdirigent des vor einer Fusion stehenden SWR Sinfonieorchesters Baden-Baden und Freiburg, wird neuer Generalmusikdirektor der Stadt K\u00f6ln. Er wird die Leitung des G\u00fcrzenich-Orchesters ab dem 1. September 2015 vorerst f\u00fcr f\u00fcnf Jahre \u00fcbernehmen.<\/p>\n<p><strong>17.02.2014 &#8212; Fran\u00e7ois -Xavier Roth, der Chefdirigent des vor einer Fusion stehenden SWR Sinfonieorchesters Baden-Baden und Freiburg, wird neuer Generalmusikdirektor der Stadt K\u00f6ln. Er wird die Leitung des G\u00fcrzenich-Orchesters ab dem 1. September 2015 vorerst f\u00fcr f\u00fcnf Jahre \u00fcbernehmen.<\/strong><\/p>\n<p>\u00a0<\/p>\n<p>Den Posten des Chefdirigenten beim SWR Sinfonieorchester Baden-Baden und Freiburg \u00fcbernahm Roth mit seinem Deb\u00fct bei den Donaueschinger Musiktagen 2011 und einem Konzert mit Werken von Webern und Boulez und Mahlers erster Sinfonie im Freiburger Konzerthaus.<\/p>\n<p>\u00a0<\/p>\n<p>Roth ist ausserdem fester Gastdirigent des BBC National Orchestra of Wales. Dar\u00fcber hinaus besteht eine enge Zusammenarbeit mit dem London Symphony Orchestra und dem Ensemble InterContemporain, die er regelm\u00e4ssig dirigiert. <em>(cf)<\/em><\/p>\n<p>\u00a0<\/p>\n<p>\u00a0<\/p>\n<p>\u00a0<\/p>\n","protected":false},"excerpt":{"rendered":"<p>17.02.2014 &#8212; Fran\u00e7ois -Xavier Roth, der Chefdirigent des vor einer Fusion stehenden SWR Sinfonieorchesters Baden-Baden und Freiburg, wird neuer Generalmusikdirektor der Stadt K\u00f6ln. Er wird die Leitung des G\u00fcrzenich-Orchesters ab dem 1. September 2015 vorerst f\u00fcr f\u00fcnf Jahre \u00fcbernehmen.<\/p>\n","protected":false},"author":1,"featured_media":0,"comment_status":"open","ping_status":"open","sticky":false,"template":"","format":"standard","meta":{"footnotes":""},"categories":[2],"tags":[],"class_list":["post-1231","post","type-post","status-publish","format-standard","hentry","category-nachrichten","entry"],"_links":{"self":[{"href":"https:\/\/codexflores.ch\/index.php\/wp-json\/wp\/v2\/posts\/1231","targetHints":{"allow":["GET"]}}],"collection":[{"href":"https:\/\/codexflores.ch\/index.php\/wp-json\/wp\/v2\/posts"}],"about":[{"href":"https:\/\/codexflores.ch\/index.php\/wp-json\/wp\/v2\/types\/post"}],"author":[{"embeddable":true,"href":"https:\/\/codexflores.ch\/index.php\/wp-json\/wp\/v2\/users\/1"}],"replies":[{"embeddable":true,"href":"https:\/\/codexflores.ch\/index.php\/wp-json\/wp\/v2\/comments?post=1231"}],"version-history":[{"count":0,"href":"https:\/\/codexflores.ch\/index.php\/wp-json\/wp\/v2\/posts\/1231\/revisions"}],"wp:attachment":[{"href":"https:\/\/codexflores.ch\/index.php\/wp-json\/wp\/v2\/media?parent=1231"}],"wp:term":[{"taxonomy":"category","embeddable":true,"href":"https:\/\/codexflores.ch\/index.php\/wp-json\/wp\/v2\/categories?post=1231"},{"taxonomy":"post_tag","embeddable":true,"href":"https:\/\/codexflores.ch\/index.php\/wp-json\/wp\/v2\/tags?post=1231"}],"curies":[{"name":"wp","href":"https:\/\/api.w.org\/{rel}","templated":true}]}}