{"id":1234,"date":"2014-02-18T07:24:07","date_gmt":"2014-02-18T07:24:07","guid":{"rendered":"https:\/\/codexflores.ch\/index.php\/2014\/02\/18\/leitung-der-hamburger-symphoniker-verlaengert-vertraege\/"},"modified":"2014-02-18T07:24:07","modified_gmt":"2014-02-18T07:24:07","slug":"leitung-der-hamburger-symphoniker-verlaengert-vertraege","status":"publish","type":"post","link":"https:\/\/codexflores.ch\/index.php\/2014\/02\/18\/leitung-der-hamburger-symphoniker-verlaengert-vertraege\/","title":{"rendered":"Leitung der Hamburger Symphoniker verl\u00e4ngert Vertr\u00e4ge"},"content":{"rendered":"<p class=\"goldb\"><span style=\"font-family: arial,helvetica,sans-serif; font-size: small;\"><span class=\"goldb\">18.02.2014 &#8212; <\/span>Die Vertr\u00e4ge des Chefdirigenten Jeffrey Tate und des Intendanten Daniel K\u00fchnel der Hamburger Symphoniker sind laut einer offiziellen Pressemitteilung des Orchesters bis 2019 verl\u00e4ngert worden.<\/span><\/p>\n<p class=\"goldb\"><strong><span style=\"font-family: arial,helvetica,sans-serif; font-size: small;\"><span style=\"font-family: arial,helvetica,sans-serif; font-size: small;\"><span class=\"goldb\">18.02.2014 &#8212; <\/span>Die Vertr\u00e4ge des Chefdirigenten Jeffrey Tate und des Intendanten Daniel K\u00fchnel der Hamburger Symphoniker sind laut einer offiziellen Pressemitteilung des Orchesters bis 2019 verl\u00e4ngert worden.<\/span><\/span><\/strong><\/p>\n<p class=\"goldb\"><span style=\"font-family: arial,helvetica,sans-serif; font-size: small;\"><span style=\"font-family: arial,helvetica,sans-serif; font-size: small;\">\u00a0<\/span><\/span><\/p>\n<p><span style=\"font-family: arial,helvetica,sans-serif; font-size: small;\">Jeffrey Tate ist seit 2009 <span style=\"font-family: arial,helvetica,sans-serif; font-size: small;\">Chefdirigent <\/span>des Ensembles. Im Mai und Juni 2014 amtete er an der Wiener Staatsoper \u00fcberdies als musikalischer Leiter von zwei Zyklen des <em>Rings<\/em> von Richard Wagner. Die Hamburger Symphoniker arbeiten vornehmlich in der Laeiszhalle, aber auch in der Oper, in der Hochschule f\u00fcr Musik und Theater sowie in den Schulen der Stadt.<\/span><\/p>\n<p><span style=\"font-family: arial,helvetica,sans-serif; font-size: small;\">\u00a0<\/span><\/p>\n<p><span style=\"font-family: arial,helvetica,sans-serif; font-size: small;\">Seit Ende 2009 befinden sich die Hamburger Symphoniker auf dem Weg hin zu einer besseren tariflichen Eingruppierung der Musiker (A-Orchester). Damit sei das Ensemble eines der wenigen wachsenden Orchester weltweit, schreibt es in seiner Selbstcharakterisierung. Die \u00f6ffentlichen Zuwendungen durch die Stadt Hamburg f\u00fcr das Orchester sind <span style=\"font-family: arial,helvetica,sans-serif; font-size: small;\">in den letzten Jahren<\/span> um 63 Prozent gewachsen. Die Vollendung des Wegs zum A-Orchester habe die Hamburger Kulturpolitik f\u00fcr die n\u00e4here Zukunft in Aussicht gestellt, schrieb das Orchester im Jahr 2011.<em> (cf)<\/em><br \/><\/span><\/p>\n","protected":false},"excerpt":{"rendered":"<p class=\"goldb\"><span style=\"font-family: arial,helvetica,sans-serif; font-size: small;\"><span class=\"goldb\">18.02.2014 &#8212; <\/span>Die Vertr\u00e4ge des Chefdirigenten Jeffrey Tate und des Intendanten Daniel K\u00fchnel der Hamburger Symphoniker sind laut einer offiziellen Pressemitteilung des Orchesters bis 2019 verl\u00e4ngert worden.<\/span><\/p>\n","protected":false},"author":1,"featured_media":0,"comment_status":"open","ping_status":"open","sticky":false,"template":"","format":"standard","meta":{"footnotes":""},"categories":[2],"tags":[],"class_list":["post-1234","post","type-post","status-publish","format-standard","hentry","category-nachrichten","entry"],"_links":{"self":[{"href":"https:\/\/codexflores.ch\/index.php\/wp-json\/wp\/v2\/posts\/1234","targetHints":{"allow":["GET"]}}],"collection":[{"href":"https:\/\/codexflores.ch\/index.php\/wp-json\/wp\/v2\/posts"}],"about":[{"href":"https:\/\/codexflores.ch\/index.php\/wp-json\/wp\/v2\/types\/post"}],"author":[{"embeddable":true,"href":"https:\/\/codexflores.ch\/index.php\/wp-json\/wp\/v2\/users\/1"}],"replies":[{"embeddable":true,"href":"https:\/\/codexflores.ch\/index.php\/wp-json\/wp\/v2\/comments?post=1234"}],"version-history":[{"count":0,"href":"https:\/\/codexflores.ch\/index.php\/wp-json\/wp\/v2\/posts\/1234\/revisions"}],"wp:attachment":[{"href":"https:\/\/codexflores.ch\/index.php\/wp-json\/wp\/v2\/media?parent=1234"}],"wp:term":[{"taxonomy":"category","embeddable":true,"href":"https:\/\/codexflores.ch\/index.php\/wp-json\/wp\/v2\/categories?post=1234"},{"taxonomy":"post_tag","embeddable":true,"href":"https:\/\/codexflores.ch\/index.php\/wp-json\/wp\/v2\/tags?post=1234"}],"curies":[{"name":"wp","href":"https:\/\/api.w.org\/{rel}","templated":true}]}}