{"id":1236,"date":"2014-02-19T06:34:37","date_gmt":"2014-02-19T06:34:37","guid":{"rendered":"https:\/\/codexflores.ch\/index.php\/2014\/02\/19\/tod-des-arosa-kultur-praesidenten-christian-buxhofer\/"},"modified":"2014-02-19T06:34:37","modified_gmt":"2014-02-19T06:34:37","slug":"tod-des-arosa-kultur-praesidenten-christian-buxhofer","status":"publish","type":"post","link":"https:\/\/codexflores.ch\/index.php\/2014\/02\/19\/tod-des-arosa-kultur-praesidenten-christian-buxhofer\/","title":{"rendered":"Tod des Arosa-Kultur-Pr\u00e4sidenten Christian Buxhofer"},"content":{"rendered":"<p><span style=\"font-family: arial,helvetica,sans-serif; font-size: small;\">19.02.2014 &#8212; Wie das \u00abB\u00fcnder Tagblatt\u00bb vermeldet, ist Christian Buxhofer, der fr\u00fchere Chefredaktor der Zeitung, in der Nacht auf Sonntag \u00fcberraschend verstorben. Er war als Pr\u00e4sident und Gesch\u00e4ftsf\u00fchrer des Vereins Arosa Kultur eine der pr\u00e4genden Kr\u00e4fte hinter den Musikfestivals und Kurswochen des Ortes.<\/span><\/p>\n<p><strong><span style=\"font-family: arial,helvetica,sans-serif; font-size: small;\">19.02.2014 &#8212; Wie das \u00abB\u00fcnder Tagblatt\u00bb vermeldet, ist Christian Buxhofer, der fr\u00fchere Chefredaktor der Zeitung, in der Nacht auf Sonntag \u00fcberraschend verstorben. Er war als Pr\u00e4sident und Gesch\u00e4ftsf\u00fchrer des Vereins Arosa Kultur eine der pr\u00e4genden Kr\u00e4fte hinter den Musikfestivals und Kurswochen des Ortes.<\/span><\/strong><\/p>\n<p><strong><span style=\"font-family: arial,helvetica,sans-serif; font-size: small;\">\u00a0<\/span><\/strong><\/p>\n<p>Christian Buxhofer wurde 1961 in Chur geboren. Er war drei Jahre als Primarlehrer in Arosa t\u00e4tig und wechselte anschliessend in den Journalismus. Seit 2010 war er auch Mitglied des Stiftungsrats des Theaters Chur. Er habe die Leitung der Redaktion in Chur vor nicht einmal einem Jahr abgegeben, um vermehrt als Journalist zu arbeiten, schreibt das \u00abB\u00fcnder Tagblatt\u00bb weiter. Der Verstorbene hinterlasse eine Frau und einen Sohn.<\/p>\n<p>\u00a0<\/p>\n<p>Arosa Kultur f\u00fchrt Konzertreihen und seit 1987 die Musik-Kurswochen Arosa durch. Laut Selbstcharakterisierung handelt es sich um das gr\u00f6sste Musikfestival Europas dieser Art. Zum Jubil\u00e4um 2011 ist das Angebot durch zus\u00e4tzliche Meisterkurse erweitert worden, die jeweils im September unter dem Titel Arosa Music Academy stattfinden. <em>(cf)<\/em><\/p>\n<p>\u00a0<\/p>\n<p><span style=\"font-family: arial,helvetica,sans-serif; font-size: small;\">\u00a0<\/span><\/p>\n<p>\u00a0<\/p>\n","protected":false},"excerpt":{"rendered":"<p><span style=\"font-family: arial,helvetica,sans-serif; font-size: small;\">19.02.2014 &#8212; Wie das \u00abB\u00fcnder Tagblatt\u00bb vermeldet, ist Christian Buxhofer, der fr\u00fchere Chefredaktor der Zeitung, in der Nacht auf Sonntag \u00fcberraschend verstorben. Er war als Pr\u00e4sident und Gesch\u00e4ftsf\u00fchrer des Vereins Arosa Kultur eine der pr\u00e4genden Kr\u00e4fte hinter den Musikfestivals und Kurswochen des Ortes.<\/span><\/p>\n","protected":false},"author":1,"featured_media":0,"comment_status":"open","ping_status":"open","sticky":false,"template":"","format":"standard","meta":{"footnotes":""},"categories":[2],"tags":[],"class_list":["post-1236","post","type-post","status-publish","format-standard","hentry","category-nachrichten","entry"],"_links":{"self":[{"href":"https:\/\/codexflores.ch\/index.php\/wp-json\/wp\/v2\/posts\/1236","targetHints":{"allow":["GET"]}}],"collection":[{"href":"https:\/\/codexflores.ch\/index.php\/wp-json\/wp\/v2\/posts"}],"about":[{"href":"https:\/\/codexflores.ch\/index.php\/wp-json\/wp\/v2\/types\/post"}],"author":[{"embeddable":true,"href":"https:\/\/codexflores.ch\/index.php\/wp-json\/wp\/v2\/users\/1"}],"replies":[{"embeddable":true,"href":"https:\/\/codexflores.ch\/index.php\/wp-json\/wp\/v2\/comments?post=1236"}],"version-history":[{"count":0,"href":"https:\/\/codexflores.ch\/index.php\/wp-json\/wp\/v2\/posts\/1236\/revisions"}],"wp:attachment":[{"href":"https:\/\/codexflores.ch\/index.php\/wp-json\/wp\/v2\/media?parent=1236"}],"wp:term":[{"taxonomy":"category","embeddable":true,"href":"https:\/\/codexflores.ch\/index.php\/wp-json\/wp\/v2\/categories?post=1236"},{"taxonomy":"post_tag","embeddable":true,"href":"https:\/\/codexflores.ch\/index.php\/wp-json\/wp\/v2\/tags?post=1236"}],"curies":[{"name":"wp","href":"https:\/\/api.w.org\/{rel}","templated":true}]}}