{"id":1237,"date":"2014-02-19T06:58:20","date_gmt":"2014-02-19T06:58:20","guid":{"rendered":"https:\/\/codexflores.ch\/index.php\/2014\/02\/19\/valencia-moechte-mehta-als-chefdirigenten\/"},"modified":"2014-02-19T06:58:20","modified_gmt":"2014-02-19T06:58:20","slug":"valencia-moechte-mehta-als-chefdirigenten","status":"publish","type":"post","link":"https:\/\/codexflores.ch\/index.php\/2014\/02\/19\/valencia-moechte-mehta-als-chefdirigenten\/","title":{"rendered":"Valencia m\u00f6chte Mehta als Chefdirigenten"},"content":{"rendered":"<p>19.02.2014 &#8212; Laut dem spanischen Infoportal La Informacion hat Helga Schmidt, die Intendantin des Palau de les Arts Reina Sof\u00eda de Valencia, Zubin Mehta angefragt, ob er Musikalischer Leiter des Hauses werden m\u00f6chte.\u00a0<\/p>\n<p><strong> 19.02.2014 &#8212; Laut dem spanischen Infoportal <a href=\"http:\/\/noticias.lainformacion.com\/arte-cultura-y-espectaculos\/musica-clasica\/palau-de-les-arts-de-valencia-ha-ofrecido-la-direccion-musical-a-zubin-mehta_KWdOwE5FNEpENmqtNXKPw2\/\" target=\"_blank\" rel=\"noopener noreferrer\">La Informacion<\/a> hat Helga Schmidt, die Intendantin des Palau de les Arts Reina Sof\u00eda de Valencia, Zubin Mehta angefragt, ob er Musikalischer Leiter des Hauses werden m\u00f6chte.<\/strong><\/p>\n<p>\u00a0<\/p>\n<p>Der derzeitige Amtsinhaber Omar Meir Wellber beendet sein Engagement in der spanischen Stadt dieses Jahr. Zuvor habe man auch Placido Domingo angefragt, schreibt das Portal weiter, dieser habe allerdings erkl\u00e4rt, das Orchester des Palau bed\u00fcrfe eines Leiters, der viel Pr\u00e4senzzeit habe. Dies k\u00f6nne er nicht leisten.<\/p>\n<p>\u00a0<\/p>\n<p>Das Orquesta de la Comunidad Valenciana hat seine Mitgliederzahl auf 54 reduziert und arbeitet mit zahlreichen Zuz\u00fcgern. Mehta ist bereits regelm\u00e4ssig Gast des Hauses. (cf)\u00a0 <\/p>\n<p>\u00a0<\/p>\n<p>\u00a0<\/p>\n<p>\u00a0<\/p>\n<p>\u00a0<\/p>\n","protected":false},"excerpt":{"rendered":"<p>19.02.2014 &#8212; Laut dem spanischen Infoportal La Informacion hat Helga Schmidt, die Intendantin des Palau de les Arts Reina Sof\u00eda de Valencia, Zubin Mehta angefragt, ob er Musikalischer Leiter des Hauses werden m\u00f6chte.\u00a0<\/p>\n","protected":false},"author":1,"featured_media":0,"comment_status":"open","ping_status":"open","sticky":false,"template":"","format":"standard","meta":{"footnotes":""},"categories":[2],"tags":[],"class_list":["post-1237","post","type-post","status-publish","format-standard","hentry","category-nachrichten","entry"],"_links":{"self":[{"href":"https:\/\/codexflores.ch\/index.php\/wp-json\/wp\/v2\/posts\/1237","targetHints":{"allow":["GET"]}}],"collection":[{"href":"https:\/\/codexflores.ch\/index.php\/wp-json\/wp\/v2\/posts"}],"about":[{"href":"https:\/\/codexflores.ch\/index.php\/wp-json\/wp\/v2\/types\/post"}],"author":[{"embeddable":true,"href":"https:\/\/codexflores.ch\/index.php\/wp-json\/wp\/v2\/users\/1"}],"replies":[{"embeddable":true,"href":"https:\/\/codexflores.ch\/index.php\/wp-json\/wp\/v2\/comments?post=1237"}],"version-history":[{"count":0,"href":"https:\/\/codexflores.ch\/index.php\/wp-json\/wp\/v2\/posts\/1237\/revisions"}],"wp:attachment":[{"href":"https:\/\/codexflores.ch\/index.php\/wp-json\/wp\/v2\/media?parent=1237"}],"wp:term":[{"taxonomy":"category","embeddable":true,"href":"https:\/\/codexflores.ch\/index.php\/wp-json\/wp\/v2\/categories?post=1237"},{"taxonomy":"post_tag","embeddable":true,"href":"https:\/\/codexflores.ch\/index.php\/wp-json\/wp\/v2\/tags?post=1237"}],"curies":[{"name":"wp","href":"https:\/\/api.w.org\/{rel}","templated":true}]}}